{"id":9695,"date":"2021-10-02T18:45:47","date_gmt":"2021-10-02T18:45:47","guid":{"rendered":"http:\/\/paroquiagloria.org\/v2\/?p=9695"},"modified":"2021-10-02T18:50:02","modified_gmt":"2021-10-02T18:50:02","slug":"1-milhao-de-criancas-rezam-o-terco-pela-paz","status":"publish","type":"post","link":"http:\/\/paroquiagloria.org\/v2\/?p=9695","title":{"rendered":"\u00ab1 milh\u00e3o de crian\u00e7as rezam o Ter\u00e7o pela Paz\u00bb"},"content":{"rendered":"\n<div class=\"wp-block-image\"><figure class=\"aligncenter size-large\"><a href=\"http:\/\/paroquiagloria.org\/v2\/wp-content\/uploads\/2021\/10\/Banner_AISterco.jpg\"><img loading=\"lazy\" width=\"960\" height=\"540\" src=\"http:\/\/paroquiagloria.org\/v2\/wp-content\/uploads\/2021\/10\/Banner_AISterco.jpg\" alt=\"\" class=\"wp-image-9689\" srcset=\"http:\/\/paroquiagloria.org\/v2\/wp-content\/uploads\/2021\/10\/Banner_AISterco.jpg 960w, http:\/\/paroquiagloria.org\/v2\/wp-content\/uploads\/2021\/10\/Banner_AISterco-300x169.jpg 300w, http:\/\/paroquiagloria.org\/v2\/wp-content\/uploads\/2021\/10\/Banner_AISterco-768x432.jpg 768w\" sizes=\"(max-width: 960px) 100vw, 960px\" \/><\/a><\/figure><\/div>\n\n\n\n<p>A Funda\u00e7\u00e3o Ajuda \u00e0 Igreja que Sofre (AIS) est\u00e1 a organizar a iniciativa <strong>\u20181 milh\u00e3o de crian\u00e7as rezam o Ter\u00e7o pela Paz\u2019<\/strong> e assinala que dezenas de institui\u00e7\u00f5es j\u00e1 aderiram a esta jornada agendada para o <strong>dia 18 de outubro<\/strong>.<br>O presidente internacional da Funda\u00e7\u00e3o AIS, D. Mauro Piacenza, explica que, para al\u00e9m da pandemia Covid-19, as crian\u00e7as v\u00e3o refletir sobre outras \u201cdoen\u00e7as\u201d que afetam e amea\u00e7am \u201cmilh\u00f5es de pessoas\u201d e o planeta, como \u201ca fome, a pobreza, a corrup\u00e7\u00e3o, o terrorismo, a profana\u00e7\u00e3o da vida humana e a destrui\u00e7\u00e3o da cria\u00e7\u00e3o\u201d. A iniciativa realiza-se \u201cem torno de S\u00e3o Jos\u00e9, com cita\u00e7\u00f5es da Carta Apost\u00f3lica \u2018Patris corde\u2019\u201d, escrita pelo Papa Francisco para o ano especial dedicado a S\u00e3o Jos\u00e9 pelo 150\u00ba anivers\u00e1rio de sua proclama\u00e7\u00e3o como Padroeiro Universal da Igreja.<br><\/p>\n\n\n\n<p class=\"has-text-align-right\"><em>fonte: <a href=\"https:\/\/agencia.ecclesia.pt\/portal\/evento\/ais-portugal-fundacao-destaca-adesao-a-jornada-1-milhao-de-criancas-rezam-o-terco-pela-paz\/\" data-type=\"URL\" data-id=\"https:\/\/agencia.ecclesia.pt\/portal\/evento\/ais-portugal-fundacao-destaca-adesao-a-jornada-1-milhao-de-criancas-rezam-o-terco-pela-paz\/\" target=\"_blank\" rel=\"noreferrer noopener\">Ecclesia<\/a><\/em><\/p>\n","protected":false},"excerpt":{"rendered":"<p>A Funda\u00e7\u00e3o Ajuda \u00e0 Igreja que Sofre (AIS) est\u00e1 a organizar a iniciativa \u20181 milh\u00e3o de crian\u00e7as rezam o Ter\u00e7o pela Paz\u2019 e assinala que dezenas de institui\u00e7\u00f5es j\u00e1 aderiram a esta jornada agendada para o dia 18 de outubro.O presidente internacional da Funda\u00e7\u00e3o AIS, D. Mauro Piacenza, explica que, para al\u00e9m da pandemia Covid-19, [&hellip;]<\/p>\n","protected":false},"author":1,"featured_media":9689,"comment_status":"open","ping_status":"closed","sticky":false,"template":"","format":"standard","meta":{"ngg_post_thumbnail":0},"categories":[1,4,2,6],"tags":[],"_links":{"self":[{"href":"http:\/\/paroquiagloria.org\/v2\/index.php?rest_route=\/wp\/v2\/posts\/9695"}],"collection":[{"href":"http:\/\/paroquiagloria.org\/v2\/index.php?rest_route=\/wp\/v2\/posts"}],"about":[{"href":"http:\/\/paroquiagloria.org\/v2\/index.php?rest_route=\/wp\/v2\/types\/post"}],"author":[{"embeddable":true,"href":"http:\/\/paroquiagloria.org\/v2\/index.php?rest_route=\/wp\/v2\/users\/1"}],"replies":[{"embeddable":true,"href":"http:\/\/paroquiagloria.org\/v2\/index.php?rest_route=%2Fwp%2Fv2%2Fcomments&post=9695"}],"version-history":[{"count":1,"href":"http:\/\/paroquiagloria.org\/v2\/index.php?rest_route=\/wp\/v2\/posts\/9695\/revisions"}],"predecessor-version":[{"id":9696,"href":"http:\/\/paroquiagloria.org\/v2\/index.php?rest_route=\/wp\/v2\/posts\/9695\/revisions\/9696"}],"wp:featuredmedia":[{"embeddable":true,"href":"http:\/\/paroquiagloria.org\/v2\/index.php?rest_route=\/wp\/v2\/media\/9689"}],"wp:attachment":[{"href":"http:\/\/paroquiagloria.org\/v2\/index.php?rest_route=%2Fwp%2Fv2%2Fmedia&parent=9695"}],"wp:term":[{"taxonomy":"category","embeddable":true,"href":"http:\/\/paroquiagloria.org\/v2\/index.php?rest_route=%2Fwp%2Fv2%2Fcategories&post=9695"},{"taxonomy":"post_tag","embeddable":true,"href":"http:\/\/paroquiagloria.org\/v2\/index.php?rest_route=%2Fwp%2Fv2%2Ftags&post=9695"}],"curies":[{"name":"wp","href":"https:\/\/api.w.org\/{rel}","templated":true}]}}