{"id":9681,"date":"2021-09-25T17:27:35","date_gmt":"2021-09-25T17:27:35","guid":{"rendered":"http:\/\/paroquiagloria.org\/v2\/?p=9681"},"modified":"2021-09-25T17:27:37","modified_gmt":"2021-09-25T17:27:37","slug":"passemos-para-a-outra-margem-mc-4-31-41-3","status":"publish","type":"post","link":"http:\/\/paroquiagloria.org\/v2\/?p=9681","title":{"rendered":"&#8220;PASSEMOS PARA A OUTRA MARGEM!&#8221; (Mc. 4, 31 &#8211; 41) [3]"},"content":{"rendered":"\n<div class=\"wp-block-image\"><figure class=\"aligncenter size-large\"><a href=\"http:\/\/paroquiagloria.org\/v2\/wp-content\/uploads\/2013\/01\/Catedral_de_Aveiro.jpg\"><img loading=\"lazy\" width=\"1024\" height=\"691\" src=\"http:\/\/paroquiagloria.org\/v2\/wp-content\/uploads\/2013\/01\/Catedral_de_Aveiro-1024x691.jpg\" alt=\"\" class=\"wp-image-3702\" srcset=\"http:\/\/paroquiagloria.org\/v2\/wp-content\/uploads\/2013\/01\/Catedral_de_Aveiro-1024x691.jpg 1024w, http:\/\/paroquiagloria.org\/v2\/wp-content\/uploads\/2013\/01\/Catedral_de_Aveiro-300x203.jpg 300w, http:\/\/paroquiagloria.org\/v2\/wp-content\/uploads\/2013\/01\/Catedral_de_Aveiro-140x94.jpg 140w, http:\/\/paroquiagloria.org\/v2\/wp-content\/uploads\/2013\/01\/Catedral_de_Aveiro.jpg 1280w\" sizes=\"(max-width: 1024px) 100vw, 1024px\" \/><\/a><\/figure><\/div>\n\n\n\n<p>Na nossa Par\u00f3quia houve um tempo razoavelmente longo para sonhar. E alguns fizeram-no e at\u00e9 apresentaram propostas. Umas mais concretiz\u00e1veis que outras, mas todas louv\u00e1veis.<br>Vai sendo tempo de anunciar as inquieta\u00e7\u00f5es mais comuns. E uma delas \u00e9, sem d\u00favida, a FORMA\u00c7\u00c3O de Agentes de Pastoral. N\u00e3o se estranhe, pois, que, neste ano, se insista na &#8220;OFICINA PAROQUIAL DE AGENTES DE PASTORAL&#8221;.<br>Para todos os que &#8220;trabalham na vinha do Senhor&#8221;, sem excep\u00e7\u00e3o, esta \u00e9 a resposta que se apresenta mais abrangente e adequada. Vamos, por isso, &#8220;operacionaliz\u00e1-la&#8221;, o mais cedo poss\u00edvel.<br>\u2026\u2026.. \u2026\u2026\u2026\u2026. \u2026\u2026\u2026\u2026<br>&#8220;Passemos para a outra margem&#8221;, sim, mas atentos \u00e0s palavras duras e incisivas de Jesus, no final do Evangelho deste XXVI Domingo: <em>&#8220;Se a tua m\u00e3o \u00e9 para ti ocasi\u00e3o de esc\u00e2ndalo, se o teu p\u00e9, os teus olhos\u2026 corta-os&#8221;<\/em>.<br>\u00c9 claro que se trata de uma linguagem pr\u00f3pria de um estilo oriental.<br>O que Jesus nos quer verdadeiramente dizer \u00e9 que a solu\u00e7\u00e3o n\u00e3o est\u00e1 em cortar membros, mas em membros convertidos. E s\u00f3 de um cora\u00e7\u00e3o convertido \u00e9 que sai tudo o que \u00e9 necess\u00e1rio para o crescimento do Reino de Deus. Mesmo que seja um simples copo de \u00e1gua!<br>Nesta perspectiva, e no in\u00edcio de ano apost\u00f3lico, que tal uma <strong>Celebra\u00e7\u00e3o Penitencial para todos os Agentes de Pastoral da Par\u00f3quia, no dia 17 de Outubro, na nossa Igreja, \u00e0s 21h30?<\/strong> N\u00e3o seria momento privilegiado para vencermos invejas, azedumes, zelos mal entendidos\u2026 que dividem grupos e distanciam pessoas?<br>Pensemos nisto, porque, convenhamos, seria a melhor maneira de saltarmos todos para o mesmo barco &#8220;rumo \u00e0 outra margem&#8221;.<\/p>\n\n\n\n<p class=\"has-text-align-right\">Pe. Fausto<\/p>\n","protected":false},"excerpt":{"rendered":"<p>Na nossa Par\u00f3quia houve um tempo razoavelmente longo para sonhar. E alguns fizeram-no e at\u00e9 apresentaram propostas. Umas mais concretiz\u00e1veis que outras, mas todas louv\u00e1veis.Vai sendo tempo de anunciar as inquieta\u00e7\u00f5es mais comuns. E uma delas \u00e9, sem d\u00favida, a FORMA\u00c7\u00c3O de Agentes de Pastoral. N\u00e3o se estranhe, pois, que, neste ano, se insista na [&hellip;]<\/p>\n","protected":false},"author":1,"featured_media":3702,"comment_status":"open","ping_status":"closed","sticky":false,"template":"","format":"standard","meta":{"ngg_post_thumbnail":0},"categories":[1,4,2,6,24],"tags":[],"_links":{"self":[{"href":"http:\/\/paroquiagloria.org\/v2\/index.php?rest_route=\/wp\/v2\/posts\/9681"}],"collection":[{"href":"http:\/\/paroquiagloria.org\/v2\/index.php?rest_route=\/wp\/v2\/posts"}],"about":[{"href":"http:\/\/paroquiagloria.org\/v2\/index.php?rest_route=\/wp\/v2\/types\/post"}],"author":[{"embeddable":true,"href":"http:\/\/paroquiagloria.org\/v2\/index.php?rest_route=\/wp\/v2\/users\/1"}],"replies":[{"embeddable":true,"href":"http:\/\/paroquiagloria.org\/v2\/index.php?rest_route=%2Fwp%2Fv2%2Fcomments&post=9681"}],"version-history":[{"count":1,"href":"http:\/\/paroquiagloria.org\/v2\/index.php?rest_route=\/wp\/v2\/posts\/9681\/revisions"}],"predecessor-version":[{"id":9682,"href":"http:\/\/paroquiagloria.org\/v2\/index.php?rest_route=\/wp\/v2\/posts\/9681\/revisions\/9682"}],"wp:featuredmedia":[{"embeddable":true,"href":"http:\/\/paroquiagloria.org\/v2\/index.php?rest_route=\/wp\/v2\/media\/3702"}],"wp:attachment":[{"href":"http:\/\/paroquiagloria.org\/v2\/index.php?rest_route=%2Fwp%2Fv2%2Fmedia&parent=9681"}],"wp:term":[{"taxonomy":"category","embeddable":true,"href":"http:\/\/paroquiagloria.org\/v2\/index.php?rest_route=%2Fwp%2Fv2%2Fcategories&post=9681"},{"taxonomy":"post_tag","embeddable":true,"href":"http:\/\/paroquiagloria.org\/v2\/index.php?rest_route=%2Fwp%2Fv2%2Ftags&post=9681"}],"curies":[{"name":"wp","href":"https:\/\/api.w.org\/{rel}","templated":true}]}}