{"id":9679,"date":"2021-09-25T17:24:56","date_gmt":"2021-09-25T17:24:56","guid":{"rendered":"http:\/\/paroquiagloria.org\/v2\/?p=9679"},"modified":"2021-09-25T17:24:57","modified_gmt":"2021-09-25T17:24:57","slug":"dia-mundial-do-migrante-e-do-refugiado-3","status":"publish","type":"post","link":"http:\/\/paroquiagloria.org\/v2\/?p=9679","title":{"rendered":"Dia Mundial do Migrante e do Refugiado"},"content":{"rendered":"\n<div class=\"wp-block-image\"><figure class=\"aligncenter size-large\"><a href=\"http:\/\/paroquiagloria.org\/v2\/wp-content\/uploads\/2021\/09\/Refugiados_21.jpg\"><img loading=\"lazy\" width=\"750\" height=\"422\" src=\"http:\/\/paroquiagloria.org\/v2\/wp-content\/uploads\/2021\/09\/Refugiados_21.jpg\" alt=\"\" class=\"wp-image-9673\" srcset=\"http:\/\/paroquiagloria.org\/v2\/wp-content\/uploads\/2021\/09\/Refugiados_21.jpg 750w, http:\/\/paroquiagloria.org\/v2\/wp-content\/uploads\/2021\/09\/Refugiados_21-300x169.jpg 300w\" sizes=\"(max-width: 750px) 100vw, 750px\" \/><\/a><\/figure><\/div>\n\n\n\n<p>Este domingo, <strong>dia 26 de setembro<\/strong>, a Igreja celebra o <strong>107\u00ba Dia Mundial do Migrante e do Refugiado<\/strong>, cujo tema \u00e9 <strong>\u00abRumo a um n\u00f3s cada vez maior\u00bb<\/strong>. Na mensagem do Papa Francisco para este dia, inspirada na Carta Enc\u00edclica \u201c<em>Fratelli Tutti<\/em>\u201d lan\u00e7a \u201cum duplo apelo a caminharmos juntos rumo a um n\u00f3s cada vez maior, dirigindo-me em primeiro lugar aos fi\u00e9is cat\u00f3licos e depois a todos os homens e mulheres da terra\u201d, uma vez que estamos todos no mesmo barco e para que a Igreja se torne cada vez mais cat\u00f3lica.<\/p>\n\n\n\n<p><a href=\"https:\/\/www.vaticannews.va\/pt\/igreja\/news\/2021-09\/migrantes-e-refugiados-campanha-eu-nao-nos.html\" data-type=\"URL\" data-id=\"https:\/\/www.vaticannews.va\/pt\/igreja\/news\/2021-09\/migrantes-e-refugiados-campanha-eu-nao-nos.html\" target=\"_blank\" rel=\"noreferrer noopener\"><strong>MAIS INFORMA\u00c7\u00d5ES<\/strong><\/a><\/p>\n\n\n\n<p><\/p>\n","protected":false},"excerpt":{"rendered":"<p>Este domingo, dia 26 de setembro, a Igreja celebra o 107\u00ba Dia Mundial do Migrante e do Refugiado, cujo tema \u00e9 \u00abRumo a um n\u00f3s cada vez maior\u00bb. Na mensagem do Papa Francisco para este dia, inspirada na Carta Enc\u00edclica \u201cFratelli Tutti\u201d lan\u00e7a \u201cum duplo apelo a caminharmos juntos rumo a um n\u00f3s cada vez [&hellip;]<\/p>\n","protected":false},"author":1,"featured_media":9672,"comment_status":"open","ping_status":"closed","sticky":false,"template":"","format":"standard","meta":{"ngg_post_thumbnail":0},"categories":[1,4,2,6],"tags":[],"_links":{"self":[{"href":"http:\/\/paroquiagloria.org\/v2\/index.php?rest_route=\/wp\/v2\/posts\/9679"}],"collection":[{"href":"http:\/\/paroquiagloria.org\/v2\/index.php?rest_route=\/wp\/v2\/posts"}],"about":[{"href":"http:\/\/paroquiagloria.org\/v2\/index.php?rest_route=\/wp\/v2\/types\/post"}],"author":[{"embeddable":true,"href":"http:\/\/paroquiagloria.org\/v2\/index.php?rest_route=\/wp\/v2\/users\/1"}],"replies":[{"embeddable":true,"href":"http:\/\/paroquiagloria.org\/v2\/index.php?rest_route=%2Fwp%2Fv2%2Fcomments&post=9679"}],"version-history":[{"count":1,"href":"http:\/\/paroquiagloria.org\/v2\/index.php?rest_route=\/wp\/v2\/posts\/9679\/revisions"}],"predecessor-version":[{"id":9680,"href":"http:\/\/paroquiagloria.org\/v2\/index.php?rest_route=\/wp\/v2\/posts\/9679\/revisions\/9680"}],"wp:featuredmedia":[{"embeddable":true,"href":"http:\/\/paroquiagloria.org\/v2\/index.php?rest_route=\/wp\/v2\/media\/9672"}],"wp:attachment":[{"href":"http:\/\/paroquiagloria.org\/v2\/index.php?rest_route=%2Fwp%2Fv2%2Fmedia&parent=9679"}],"wp:term":[{"taxonomy":"category","embeddable":true,"href":"http:\/\/paroquiagloria.org\/v2\/index.php?rest_route=%2Fwp%2Fv2%2Fcategories&post=9679"},{"taxonomy":"post_tag","embeddable":true,"href":"http:\/\/paroquiagloria.org\/v2\/index.php?rest_route=%2Fwp%2Fv2%2Ftags&post=9679"}],"curies":[{"name":"wp","href":"https:\/\/api.w.org\/{rel}","templated":true}]}}