{"id":9677,"date":"2021-09-25T17:22:28","date_gmt":"2021-09-25T17:22:28","guid":{"rendered":"http:\/\/paroquiagloria.org\/v2\/?p=9677"},"modified":"2021-09-25T17:22:29","modified_gmt":"2021-09-25T17:22:29","slug":"santos-martires-do-alboi","status":"publish","type":"post","link":"http:\/\/paroquiagloria.org\/v2\/?p=9677","title":{"rendered":"Santos M\u00e1rtires do Alboi"},"content":{"rendered":"\n<div class=\"wp-block-image\"><figure class=\"aligncenter size-large\"><a href=\"http:\/\/paroquiagloria.org\/v2\/wp-content\/uploads\/2021\/09\/Banner_SantosMartires.jpg\"><img loading=\"lazy\" width=\"960\" height=\"450\" src=\"http:\/\/paroquiagloria.org\/v2\/wp-content\/uploads\/2021\/09\/Banner_SantosMartires.jpg\" alt=\"\" class=\"wp-image-9668\" srcset=\"http:\/\/paroquiagloria.org\/v2\/wp-content\/uploads\/2021\/09\/Banner_SantosMartires.jpg 960w, http:\/\/paroquiagloria.org\/v2\/wp-content\/uploads\/2021\/09\/Banner_SantosMartires-300x141.jpg 300w, http:\/\/paroquiagloria.org\/v2\/wp-content\/uploads\/2021\/09\/Banner_SantosMartires-768x360.jpg 768w\" sizes=\"(max-width: 960px) 100vw, 960px\" \/><\/a><\/figure><\/div>\n\n\n\n<p>Os m\u00e1rtires Ver\u00edssimo, M\u00e1xima e J\u00falia ou Santos M\u00e1rtires, como designamos na nossa cidade, s\u00e3o j\u00e1 companhia frequente dos nossos adolescentes e jovens que se prepararam para as Jornadas Mundiais da Juventude, a realizar em Lisboa, em 2023. S\u00e3o presen\u00e7a ass\u00eddua nas catequeses semanais e exemplo para quem conhece estes m\u00e1rtires.<br>Nos pr\u00f3ximos dias 3 e 4 temos novamente a oportunidade de os recordar atrav\u00e9s das Eucaristias que ser\u00e3o celebradas na Capela do Bairro do Alboi. Esta Capela fez no ano assado 350 anos da sua constru\u00e7\u00e3o.<\/p>\n","protected":false},"excerpt":{"rendered":"<p>Os m\u00e1rtires Ver\u00edssimo, M\u00e1xima e J\u00falia ou Santos M\u00e1rtires, como designamos na nossa cidade, s\u00e3o j\u00e1 companhia frequente dos nossos adolescentes e jovens que se prepararam para as Jornadas Mundiais da Juventude, a realizar em Lisboa, em 2023. S\u00e3o presen\u00e7a ass\u00eddua nas catequeses semanais e exemplo para quem conhece estes m\u00e1rtires.Nos pr\u00f3ximos dias 3 e [&hellip;]<\/p>\n","protected":false},"author":1,"featured_media":9668,"comment_status":"open","ping_status":"closed","sticky":false,"template":"","format":"standard","meta":{"ngg_post_thumbnail":0},"categories":[1,4,2,6,24],"tags":[],"_links":{"self":[{"href":"http:\/\/paroquiagloria.org\/v2\/index.php?rest_route=\/wp\/v2\/posts\/9677"}],"collection":[{"href":"http:\/\/paroquiagloria.org\/v2\/index.php?rest_route=\/wp\/v2\/posts"}],"about":[{"href":"http:\/\/paroquiagloria.org\/v2\/index.php?rest_route=\/wp\/v2\/types\/post"}],"author":[{"embeddable":true,"href":"http:\/\/paroquiagloria.org\/v2\/index.php?rest_route=\/wp\/v2\/users\/1"}],"replies":[{"embeddable":true,"href":"http:\/\/paroquiagloria.org\/v2\/index.php?rest_route=%2Fwp%2Fv2%2Fcomments&post=9677"}],"version-history":[{"count":1,"href":"http:\/\/paroquiagloria.org\/v2\/index.php?rest_route=\/wp\/v2\/posts\/9677\/revisions"}],"predecessor-version":[{"id":9678,"href":"http:\/\/paroquiagloria.org\/v2\/index.php?rest_route=\/wp\/v2\/posts\/9677\/revisions\/9678"}],"wp:featuredmedia":[{"embeddable":true,"href":"http:\/\/paroquiagloria.org\/v2\/index.php?rest_route=\/wp\/v2\/media\/9668"}],"wp:attachment":[{"href":"http:\/\/paroquiagloria.org\/v2\/index.php?rest_route=%2Fwp%2Fv2%2Fmedia&parent=9677"}],"wp:term":[{"taxonomy":"category","embeddable":true,"href":"http:\/\/paroquiagloria.org\/v2\/index.php?rest_route=%2Fwp%2Fv2%2Fcategories&post=9677"},{"taxonomy":"post_tag","embeddable":true,"href":"http:\/\/paroquiagloria.org\/v2\/index.php?rest_route=%2Fwp%2Fv2%2Ftags&post=9677"}],"curies":[{"name":"wp","href":"https:\/\/api.w.org\/{rel}","templated":true}]}}