{"id":9662,"date":"2021-09-18T17:21:20","date_gmt":"2021-09-18T17:21:20","guid":{"rendered":"http:\/\/paroquiagloria.org\/v2\/?p=9662"},"modified":"2021-09-18T17:21:21","modified_gmt":"2021-09-18T17:21:21","slug":"passemos-para-a-outra-margem-mc-4-31-41-2","status":"publish","type":"post","link":"http:\/\/paroquiagloria.org\/v2\/?p=9662","title":{"rendered":"&#8220;PASSEMOS PARA A OUTRA MARGEM&#8221;! (Mc. 4, 31 &#8211; 41) [2]"},"content":{"rendered":"\n<div class=\"wp-block-image\"><figure class=\"aligncenter size-large\"><a href=\"http:\/\/paroquiagloria.org\/v2\/wp-content\/uploads\/2013\/02\/SeCatedralAveiro-SergioGutierrezGetino-d.jpg\"><img loading=\"lazy\" width=\"660\" height=\"370\" src=\"http:\/\/paroquiagloria.org\/v2\/wp-content\/uploads\/2013\/02\/SeCatedralAveiro-SergioGutierrezGetino-d.jpg\" alt=\"\" class=\"wp-image-8651\" srcset=\"http:\/\/paroquiagloria.org\/v2\/wp-content\/uploads\/2013\/02\/SeCatedralAveiro-SergioGutierrezGetino-d.jpg 660w, http:\/\/paroquiagloria.org\/v2\/wp-content\/uploads\/2013\/02\/SeCatedralAveiro-SergioGutierrezGetino-d-300x168.jpg 300w\" sizes=\"(max-width: 660px) 100vw, 660px\" \/><\/a><\/figure><\/div>\n\n\n\n<p>O \u00faltimo recenseamento diocesano \u00e0 pr\u00e1tica religiosa diz-nos que:<\/p>\n\n\n\n<blockquote class=\"wp-block-quote\"><p><br>* entre 2001 e 2019, apesar de a popula\u00e7\u00e3o se manter est\u00e1vel, a pr\u00e1tica religiosa dominical desceu cerca de 43,2 %. Portanto, menos 28.842 pessoas nas celebra\u00e7\u00f5es habituais.<br>* a fisionomia dos participantes habituais se situa predominantemente na faixa dos setenta e mais anos.<br>* sendo n\u00fameros relativos a toda a Diocese, a Par\u00f3quia de Nossa Senhora da Gl\u00f3ria n\u00e3o foge \u00e0 regra e sofre das mesmas tend\u00eancias\u2026<br>* Acrescem ao que sumariamente foi apresentado as consequ\u00eancias do per\u00edodo pand\u00e9mico, que ainda nos afecta.<\/p><\/blockquote>\n\n\n\n<p>Como vemos, o cen\u00e1rio n\u00e3o \u00e9 propriamente entusiasmante, mas h\u00e1 que evitar a todo o custo o narcisismo, o des\u00e2nimo e o pessimismo, como vivamente nos recomenda o Papa Francisco.<br>N\u00e3o precisamos tanto de fazer o diagn\u00f3stico da realidade, mas de aproveitar o tempo para ver o que Deus quer e agir em consequ\u00eancia, sempre conscientes de que o tempo, este tempo, o nosso tempo, \u00e9 de sementeira e n\u00e3o de colheitas.<br>Prestes a come\u00e7ar mais um ano de catequese, confiemos em Deus e disponhamo-nos a integrar os grupos e servicos, que melhor expressem o Seu sonho para a nossa Par\u00f3quia.<br><\/p>\n\n\n\n<p class=\"has-text-align-right\">Pe. Fausto<\/p>\n","protected":false},"excerpt":{"rendered":"<p>O \u00faltimo recenseamento diocesano \u00e0 pr\u00e1tica religiosa diz-nos que: * entre 2001 e 2019, apesar de a popula\u00e7\u00e3o se manter est\u00e1vel, a pr\u00e1tica religiosa dominical desceu cerca de 43,2 %. Portanto, menos 28.842 pessoas nas celebra\u00e7\u00f5es habituais.* a fisionomia dos participantes habituais se situa predominantemente na faixa dos setenta e mais anos.* sendo n\u00fameros relativos [&hellip;]<\/p>\n","protected":false},"author":1,"featured_media":8649,"comment_status":"open","ping_status":"closed","sticky":false,"template":"","format":"standard","meta":{"ngg_post_thumbnail":0},"categories":[1,4,2,6,24],"tags":[],"_links":{"self":[{"href":"http:\/\/paroquiagloria.org\/v2\/index.php?rest_route=\/wp\/v2\/posts\/9662"}],"collection":[{"href":"http:\/\/paroquiagloria.org\/v2\/index.php?rest_route=\/wp\/v2\/posts"}],"about":[{"href":"http:\/\/paroquiagloria.org\/v2\/index.php?rest_route=\/wp\/v2\/types\/post"}],"author":[{"embeddable":true,"href":"http:\/\/paroquiagloria.org\/v2\/index.php?rest_route=\/wp\/v2\/users\/1"}],"replies":[{"embeddable":true,"href":"http:\/\/paroquiagloria.org\/v2\/index.php?rest_route=%2Fwp%2Fv2%2Fcomments&post=9662"}],"version-history":[{"count":1,"href":"http:\/\/paroquiagloria.org\/v2\/index.php?rest_route=\/wp\/v2\/posts\/9662\/revisions"}],"predecessor-version":[{"id":9663,"href":"http:\/\/paroquiagloria.org\/v2\/index.php?rest_route=\/wp\/v2\/posts\/9662\/revisions\/9663"}],"wp:featuredmedia":[{"embeddable":true,"href":"http:\/\/paroquiagloria.org\/v2\/index.php?rest_route=\/wp\/v2\/media\/8649"}],"wp:attachment":[{"href":"http:\/\/paroquiagloria.org\/v2\/index.php?rest_route=%2Fwp%2Fv2%2Fmedia&parent=9662"}],"wp:term":[{"taxonomy":"category","embeddable":true,"href":"http:\/\/paroquiagloria.org\/v2\/index.php?rest_route=%2Fwp%2Fv2%2Fcategories&post=9662"},{"taxonomy":"post_tag","embeddable":true,"href":"http:\/\/paroquiagloria.org\/v2\/index.php?rest_route=%2Fwp%2Fv2%2Ftags&post=9662"}],"curies":[{"name":"wp","href":"https:\/\/api.w.org\/{rel}","templated":true}]}}