{"id":9658,"date":"2021-09-18T17:13:38","date_gmt":"2021-09-18T17:13:38","guid":{"rendered":"http:\/\/paroquiagloria.org\/v2\/?p=9658"},"modified":"2021-09-18T17:13:39","modified_gmt":"2021-09-18T17:13:39","slug":"catequese-2021-2022","status":"publish","type":"post","link":"http:\/\/paroquiagloria.org\/v2\/?p=9658","title":{"rendered":"Catequese 2021\/2022"},"content":{"rendered":"\n<figure class=\"wp-block-image size-large\"><a href=\"http:\/\/paroquiagloria.org\/v2\/wp-content\/uploads\/2016\/05\/banner_catequese.jpg\"><img loading=\"lazy\" width=\"960\" height=\"450\" src=\"http:\/\/paroquiagloria.org\/v2\/wp-content\/uploads\/2016\/05\/banner_catequese.jpg\" alt=\"\" class=\"wp-image-4421\" srcset=\"http:\/\/paroquiagloria.org\/v2\/wp-content\/uploads\/2016\/05\/banner_catequese.jpg 960w, http:\/\/paroquiagloria.org\/v2\/wp-content\/uploads\/2016\/05\/banner_catequese-300x141.jpg 300w\" sizes=\"(max-width: 960px) 100vw, 960px\" \/><\/a><\/figure>\n\n\n\n<p>Ao iniciarmos um novo ano pastoral s\u00e3o novos os sonhos, desejos e desafios que nos s\u00e3o colocados nas mais diversas dimens\u00f5es da nossa par\u00f3quia.<br>Assim, estamos j\u00e1 a preparar a catequese para este ano:<\/p>\n\n\n\n<ul><li>a <strong>inf\u00e2ncia <\/strong>inicia a catequese na semana de <strong>20 a 24 de setembro<\/strong>;<\/li><li>a <strong>adolesc\u00eancia <\/strong>e <strong>jovens <\/strong>inicia a catequese na semana de <strong>27 de setembro a 1 de outubro<\/strong>.<\/li><\/ul>\n\n\n\n<p>Desejamos que este ano permita realizar algumas celebra\u00e7\u00f5es (festas) de itiner\u00e1rio, pr\u00f3prias de cada etapa catequ\u00e9tica, mas tamb\u00e9m alguns encontros que acontecem fora do momento habitual da catequese e que nos \u00faltimos dois anos n\u00e3o aconteceram.<br>Contamos com todos para continuarmos a miss\u00e3o evangelizadora que Jesus nos pede!<\/p>\n\n\n\n<p><strong>Hor\u00e1rios das catequeses:<\/strong><\/p>\n\n\n\n<div class=\"wp-block-image\"><figure class=\"aligncenter size-large\"><a href=\"http:\/\/paroquiagloria.org\/v2\/wp-content\/uploads\/2021\/09\/catequese2021_22_v2.jpg\"><img loading=\"lazy\" width=\"501\" height=\"143\" src=\"http:\/\/paroquiagloria.org\/v2\/wp-content\/uploads\/2021\/09\/catequese2021_22_v2.jpg\" alt=\"\" class=\"wp-image-9655\" srcset=\"http:\/\/paroquiagloria.org\/v2\/wp-content\/uploads\/2021\/09\/catequese2021_22_v2.jpg 501w, http:\/\/paroquiagloria.org\/v2\/wp-content\/uploads\/2021\/09\/catequese2021_22_v2-300x86.jpg 300w\" sizes=\"(max-width: 501px) 100vw, 501px\" \/><\/a><\/figure><\/div>\n\n\n\n<p>As inscri\u00e7\u00f5es para a <strong>Catequese de Adultos<\/strong> para os Sacramentos da Inicia\u00e7\u00e3o Crist\u00e3, especialmente o Crisma, est\u00e3o abertas <strong>no hor\u00e1rio de atendimento do Cart\u00f3rio Paroquial.<\/strong><\/p>\n","protected":false},"excerpt":{"rendered":"<p>Ao iniciarmos um novo ano pastoral s\u00e3o novos os sonhos, desejos e desafios que nos s\u00e3o colocados nas mais diversas dimens\u00f5es da nossa par\u00f3quia.Assim, estamos j\u00e1 a preparar a catequese para este ano: a inf\u00e2ncia inicia a catequese na semana de 20 a 24 de setembro; a adolesc\u00eancia e jovens inicia a catequese na semana [&hellip;]<\/p>\n","protected":false},"author":1,"featured_media":4421,"comment_status":"open","ping_status":"closed","sticky":false,"template":"","format":"standard","meta":{"ngg_post_thumbnail":0},"categories":[1,4,2,6,24],"tags":[],"_links":{"self":[{"href":"http:\/\/paroquiagloria.org\/v2\/index.php?rest_route=\/wp\/v2\/posts\/9658"}],"collection":[{"href":"http:\/\/paroquiagloria.org\/v2\/index.php?rest_route=\/wp\/v2\/posts"}],"about":[{"href":"http:\/\/paroquiagloria.org\/v2\/index.php?rest_route=\/wp\/v2\/types\/post"}],"author":[{"embeddable":true,"href":"http:\/\/paroquiagloria.org\/v2\/index.php?rest_route=\/wp\/v2\/users\/1"}],"replies":[{"embeddable":true,"href":"http:\/\/paroquiagloria.org\/v2\/index.php?rest_route=%2Fwp%2Fv2%2Fcomments&post=9658"}],"version-history":[{"count":1,"href":"http:\/\/paroquiagloria.org\/v2\/index.php?rest_route=\/wp\/v2\/posts\/9658\/revisions"}],"predecessor-version":[{"id":9659,"href":"http:\/\/paroquiagloria.org\/v2\/index.php?rest_route=\/wp\/v2\/posts\/9658\/revisions\/9659"}],"wp:featuredmedia":[{"embeddable":true,"href":"http:\/\/paroquiagloria.org\/v2\/index.php?rest_route=\/wp\/v2\/media\/4421"}],"wp:attachment":[{"href":"http:\/\/paroquiagloria.org\/v2\/index.php?rest_route=%2Fwp%2Fv2%2Fmedia&parent=9658"}],"wp:term":[{"taxonomy":"category","embeddable":true,"href":"http:\/\/paroquiagloria.org\/v2\/index.php?rest_route=%2Fwp%2Fv2%2Fcategories&post=9658"},{"taxonomy":"post_tag","embeddable":true,"href":"http:\/\/paroquiagloria.org\/v2\/index.php?rest_route=%2Fwp%2Fv2%2Ftags&post=9658"}],"curies":[{"name":"wp","href":"https:\/\/api.w.org\/{rel}","templated":true}]}}