{"id":9640,"date":"2021-09-12T11:00:10","date_gmt":"2021-09-12T11:00:10","guid":{"rendered":"http:\/\/paroquiagloria.org\/v2\/?p=9640"},"modified":"2021-09-12T11:00:27","modified_gmt":"2021-09-12T11:00:27","slug":"passemos-para-a-outra-margem-mc-4-31-41","status":"publish","type":"post","link":"http:\/\/paroquiagloria.org\/v2\/?p=9640","title":{"rendered":"&#8220;PASSEMOS PARA A OUTRA MARGEM&#8221;! (Mc. 4, 31 &#8211; 41)"},"content":{"rendered":"\n<div class=\"wp-block-image\"><figure class=\"aligncenter size-large\"><a href=\"http:\/\/paroquiagloria.org\/v2\/wp-content\/uploads\/2021\/07\/catedralAv_obras.jpg\"><img loading=\"lazy\" width=\"581\" height=\"534\" src=\"http:\/\/paroquiagloria.org\/v2\/wp-content\/uploads\/2021\/07\/catedralAv_obras.jpg\" alt=\"\" class=\"wp-image-9612\" srcset=\"http:\/\/paroquiagloria.org\/v2\/wp-content\/uploads\/2021\/07\/catedralAv_obras.jpg 581w, http:\/\/paroquiagloria.org\/v2\/wp-content\/uploads\/2021\/07\/catedralAv_obras-300x276.jpg 300w\" sizes=\"(max-width: 581px) 100vw, 581px\" \/><\/a><\/figure><\/div>\n\n\n\n<p class=\"has-text-align-left\">Sim, passemos para a outra margem. J\u00e1 \u00e9 tempo. Setembro est\u00e1 a meio.<br>\u00c9 verdade que o COVID quase nos roubou a alma, fez ruir muitos projectos e tornou vazios muitos lugares \u00e0 mesa\u2026 e em todos deixou marcas que perduram. AT\u00c9 QUANDO ?<br>\u00c9 tempo de reagir. N\u00e3o podemos continuar bloqueados pelo medo que ainda se v\u00ea estampado no rosto de muitos.<br>Claro que o bom senso aconselha a continua\u00e7\u00e3o de cuidados, mas requer tamb\u00e9m determina\u00e7\u00e3o e ousadia para se retomar, a todos os n\u00edveis, um novo quotidiano. Se assim n\u00e3o for, seremos actores de um processo que torna mais insignificante a Par\u00f3quia, reduzindo a sua ac\u00e7\u00e3o \u00e0 organiza\u00e7\u00e3o do culto &#8220;intra muros&#8221;.<br>H\u00e1 servi\u00e7os que t\u00eam de recome\u00e7ar. N\u00e3o podem esperar. Os doentes, os idosos, os que vivem s\u00f3s\u2026 as catequeses\u2026 e muito, muito mais, Deus nos vai pedir, para que este ano pastoral n\u00e3o seja apenas mais um, mas para todos um &#8220;Tempo de Gra\u00e7a&#8221;.<br><\/p>\n\n\n\n<p class=\"has-text-align-right\"><em>Pe. Fausto<\/em><\/p>\n","protected":false},"excerpt":{"rendered":"<p>Sim, passemos para a outra margem. J\u00e1 \u00e9 tempo. Setembro est\u00e1 a meio.\u00c9 verdade que o COVID quase nos roubou a alma, fez ruir muitos projectos e tornou vazios muitos lugares \u00e0 mesa\u2026 e em todos deixou marcas que perduram. AT\u00c9 QUANDO ?\u00c9 tempo de reagir. N\u00e3o podemos continuar bloqueados pelo medo que ainda se [&hellip;]<\/p>\n","protected":false},"author":1,"featured_media":9613,"comment_status":"open","ping_status":"closed","sticky":false,"template":"","format":"standard","meta":{"ngg_post_thumbnail":0},"categories":[1,4,2,6,24],"tags":[],"_links":{"self":[{"href":"http:\/\/paroquiagloria.org\/v2\/index.php?rest_route=\/wp\/v2\/posts\/9640"}],"collection":[{"href":"http:\/\/paroquiagloria.org\/v2\/index.php?rest_route=\/wp\/v2\/posts"}],"about":[{"href":"http:\/\/paroquiagloria.org\/v2\/index.php?rest_route=\/wp\/v2\/types\/post"}],"author":[{"embeddable":true,"href":"http:\/\/paroquiagloria.org\/v2\/index.php?rest_route=\/wp\/v2\/users\/1"}],"replies":[{"embeddable":true,"href":"http:\/\/paroquiagloria.org\/v2\/index.php?rest_route=%2Fwp%2Fv2%2Fcomments&post=9640"}],"version-history":[{"count":2,"href":"http:\/\/paroquiagloria.org\/v2\/index.php?rest_route=\/wp\/v2\/posts\/9640\/revisions"}],"predecessor-version":[{"id":9642,"href":"http:\/\/paroquiagloria.org\/v2\/index.php?rest_route=\/wp\/v2\/posts\/9640\/revisions\/9642"}],"wp:featuredmedia":[{"embeddable":true,"href":"http:\/\/paroquiagloria.org\/v2\/index.php?rest_route=\/wp\/v2\/media\/9613"}],"wp:attachment":[{"href":"http:\/\/paroquiagloria.org\/v2\/index.php?rest_route=%2Fwp%2Fv2%2Fmedia&parent=9640"}],"wp:term":[{"taxonomy":"category","embeddable":true,"href":"http:\/\/paroquiagloria.org\/v2\/index.php?rest_route=%2Fwp%2Fv2%2Fcategories&post=9640"},{"taxonomy":"post_tag","embeddable":true,"href":"http:\/\/paroquiagloria.org\/v2\/index.php?rest_route=%2Fwp%2Fv2%2Ftags&post=9640"}],"curies":[{"name":"wp","href":"https:\/\/api.w.org\/{rel}","templated":true}]}}