{"id":9636,"date":"2021-09-12T10:54:14","date_gmt":"2021-09-12T10:54:14","guid":{"rendered":"http:\/\/paroquiagloria.org\/v2\/?p=9636"},"modified":"2021-09-12T11:16:25","modified_gmt":"2021-09-12T11:16:25","slug":"reinicio-da-catequese","status":"publish","type":"post","link":"http:\/\/paroquiagloria.org\/v2\/?p=9636","title":{"rendered":"Rein\u00edcio da Catequese"},"content":{"rendered":"\n<div class=\"wp-block-image\"><figure class=\"aligncenter size-large\"><a href=\"http:\/\/paroquiagloria.org\/v2\/wp-content\/uploads\/2021\/07\/Catequese-com-adultos.jpg\"><img loading=\"lazy\" width=\"597\" height=\"716\" src=\"http:\/\/paroquiagloria.org\/v2\/wp-content\/uploads\/2021\/07\/Catequese-com-adultos.jpg\" alt=\"\" class=\"wp-image-9576\" srcset=\"http:\/\/paroquiagloria.org\/v2\/wp-content\/uploads\/2021\/07\/Catequese-com-adultos.jpg 597w, http:\/\/paroquiagloria.org\/v2\/wp-content\/uploads\/2021\/07\/Catequese-com-adultos-250x300.jpg 250w\" sizes=\"(max-width: 597px) 100vw, 597px\" \/><\/a><\/figure><\/div>\n\n\n\n<p>Ao iniciarmos um novo ano pastoral s\u00e3o novos os sonhos, desejos e desafios que nos s\u00e3o colocados nas mais diversas dimens\u00f5es da nossa par\u00f3quia. As paragens permitem ter um olhar mais fresco para as atividades em que estamos envolvidos, mas tamb\u00e9m permitem renovar interior e exteriormente algumas din\u00e2micas.<br>Assim, ao longo da pr\u00f3xima semana acontecer\u00e3o as reuni\u00f5es de catequistas da inf\u00e2ncia e da adolesc\u00eancia e jovens para preparar a catequese para este ano (a inf\u00e2ncia inicia a catequese na semana de 20 a 24 de setembro e a adolesc\u00eancia e jovens na semana de 27 de setembro a 1 de outubro).<br>Desejamos que este ano permita realizar algumas celebra\u00e7\u00f5es (festas) de itiner\u00e1rio, pr\u00f3prias de cada etapa catequ\u00e9tica, mas tamb\u00e9m alguns encontros que acontecem fora do momento habitual da catequese e que nos \u00faltimos dois anos n\u00e3o aconteceram.<br>Contamos com todos para continuarmos a miss\u00e3o evangelizadora que Jesus nos pede!<\/p>\n\n\n\n<ul><li><strong>HOR\u00c1RIOS DA CATEQUESE:<\/strong><\/li><\/ul>\n\n\n\n<div class=\"wp-block-image\"><figure class=\"aligncenter size-large\"><a href=\"http:\/\/paroquiagloria.org\/v2\/wp-content\/uploads\/2021\/07\/catequese_2021_2022.jpg\"><img loading=\"lazy\" width=\"501\" height=\"143\" src=\"http:\/\/paroquiagloria.org\/v2\/wp-content\/uploads\/2021\/07\/catequese_2021_2022.jpg\" alt=\"\" class=\"wp-image-9580\" srcset=\"http:\/\/paroquiagloria.org\/v2\/wp-content\/uploads\/2021\/07\/catequese_2021_2022.jpg 501w, http:\/\/paroquiagloria.org\/v2\/wp-content\/uploads\/2021\/07\/catequese_2021_2022-300x86.jpg 300w\" sizes=\"(max-width: 501px) 100vw, 501px\" \/><\/a><\/figure><\/div>\n\n\n\n<ul><li>As inscri\u00e7\u00f5es para a <strong>CATEQUESE DE ADULTOS<\/strong> para os Sacramentos da Inicia\u00e7\u00e3o Crist\u00e3, especialmente o Crisma, est\u00e3o abertas no hor\u00e1rio de atendimento do Cart\u00f3rio Paroquial.<\/li><\/ul>\n","protected":false},"excerpt":{"rendered":"<p>Ao iniciarmos um novo ano pastoral s\u00e3o novos os sonhos, desejos e desafios que nos s\u00e3o colocados nas mais diversas dimens\u00f5es da nossa par\u00f3quia. As paragens permitem ter um olhar mais fresco para as atividades em que estamos envolvidos, mas tamb\u00e9m permitem renovar interior e exteriormente algumas din\u00e2micas.Assim, ao longo da pr\u00f3xima semana acontecer\u00e3o as [&hellip;]<\/p>\n","protected":false},"author":1,"featured_media":9575,"comment_status":"open","ping_status":"closed","sticky":false,"template":"","format":"standard","meta":{"ngg_post_thumbnail":0},"categories":[1,4,2,6,24],"tags":[],"_links":{"self":[{"href":"http:\/\/paroquiagloria.org\/v2\/index.php?rest_route=\/wp\/v2\/posts\/9636"}],"collection":[{"href":"http:\/\/paroquiagloria.org\/v2\/index.php?rest_route=\/wp\/v2\/posts"}],"about":[{"href":"http:\/\/paroquiagloria.org\/v2\/index.php?rest_route=\/wp\/v2\/types\/post"}],"author":[{"embeddable":true,"href":"http:\/\/paroquiagloria.org\/v2\/index.php?rest_route=\/wp\/v2\/users\/1"}],"replies":[{"embeddable":true,"href":"http:\/\/paroquiagloria.org\/v2\/index.php?rest_route=%2Fwp%2Fv2%2Fcomments&post=9636"}],"version-history":[{"count":3,"href":"http:\/\/paroquiagloria.org\/v2\/index.php?rest_route=\/wp\/v2\/posts\/9636\/revisions"}],"predecessor-version":[{"id":9649,"href":"http:\/\/paroquiagloria.org\/v2\/index.php?rest_route=\/wp\/v2\/posts\/9636\/revisions\/9649"}],"wp:featuredmedia":[{"embeddable":true,"href":"http:\/\/paroquiagloria.org\/v2\/index.php?rest_route=\/wp\/v2\/media\/9575"}],"wp:attachment":[{"href":"http:\/\/paroquiagloria.org\/v2\/index.php?rest_route=%2Fwp%2Fv2%2Fmedia&parent=9636"}],"wp:term":[{"taxonomy":"category","embeddable":true,"href":"http:\/\/paroquiagloria.org\/v2\/index.php?rest_route=%2Fwp%2Fv2%2Fcategories&post=9636"},{"taxonomy":"post_tag","embeddable":true,"href":"http:\/\/paroquiagloria.org\/v2\/index.php?rest_route=%2Fwp%2Fv2%2Ftags&post=9636"}],"curies":[{"name":"wp","href":"https:\/\/api.w.org\/{rel}","templated":true}]}}