{"id":9622,"date":"2021-07-17T19:31:27","date_gmt":"2021-07-17T19:31:27","guid":{"rendered":"http:\/\/paroquiagloria.org\/v2\/?p=9622"},"modified":"2021-07-17T19:31:28","modified_gmt":"2021-07-17T19:31:28","slug":"dia-mundial-dos-avos","status":"publish","type":"post","link":"http:\/\/paroquiagloria.org\/v2\/?p=9622","title":{"rendered":"Dia Mundial dos Av\u00f3s"},"content":{"rendered":"\n<div class=\"wp-block-image\"><figure class=\"aligncenter size-large\"><a href=\"http:\/\/paroquiagloria.org\/v2\/wp-content\/uploads\/2021\/06\/avos-felizes.jpg\"><img loading=\"lazy\" width=\"626\" height=\"417\" src=\"http:\/\/paroquiagloria.org\/v2\/wp-content\/uploads\/2021\/06\/avos-felizes.jpg\" alt=\"\" class=\"wp-image-9539\" srcset=\"http:\/\/paroquiagloria.org\/v2\/wp-content\/uploads\/2021\/06\/avos-felizes.jpg 626w, http:\/\/paroquiagloria.org\/v2\/wp-content\/uploads\/2021\/06\/avos-felizes-300x200.jpg 300w, http:\/\/paroquiagloria.org\/v2\/wp-content\/uploads\/2021\/06\/avos-felizes-140x94.jpg 140w\" sizes=\"(max-width: 626px) 100vw, 626px\" \/><\/a><\/figure><\/div>\n\n\n\n<p>O Papa Francisco convocou para<strong> dia 25 de julho de 2021<\/strong> o primeiro <strong>Dia Mundial dos Av\u00f3s e dos Idosos.<\/strong><br>Tr\u00eas propostas pastorais muito concretas que podem servir como desafio para viver este dia:<\/p>\n\n\n\n<ol><li>Que os netos visitem os seus av\u00f3s neste dia, ou num dia pr\u00f3ximo que o preceda ou suceda;<\/li><li>Que os jovens visitem idosos que se encontrem sozinhos, nas suas casas ou em resid\u00eancias de acolhimento;<\/li><li>Que uma das missas do domingo, 25 de julho, seja dedicada \u00e0 celebra\u00e7\u00e3o desse Dia Mundial com a presen\u00e7a dos av\u00f3s e dos seus netos e dos idosos da par\u00f3quia ou comunidade.<\/li><\/ol>\n","protected":false},"excerpt":{"rendered":"<p>O Papa Francisco convocou para dia 25 de julho de 2021 o primeiro Dia Mundial dos Av\u00f3s e dos Idosos.Tr\u00eas propostas pastorais muito concretas que podem servir como desafio para viver este dia: Que os netos visitem os seus av\u00f3s neste dia, ou num dia pr\u00f3ximo que o preceda ou suceda; Que os jovens visitem [&hellip;]<\/p>\n","protected":false},"author":1,"featured_media":9538,"comment_status":"open","ping_status":"closed","sticky":false,"template":"","format":"standard","meta":{"ngg_post_thumbnail":0},"categories":[1,4,2,6,24],"tags":[],"_links":{"self":[{"href":"http:\/\/paroquiagloria.org\/v2\/index.php?rest_route=\/wp\/v2\/posts\/9622"}],"collection":[{"href":"http:\/\/paroquiagloria.org\/v2\/index.php?rest_route=\/wp\/v2\/posts"}],"about":[{"href":"http:\/\/paroquiagloria.org\/v2\/index.php?rest_route=\/wp\/v2\/types\/post"}],"author":[{"embeddable":true,"href":"http:\/\/paroquiagloria.org\/v2\/index.php?rest_route=\/wp\/v2\/users\/1"}],"replies":[{"embeddable":true,"href":"http:\/\/paroquiagloria.org\/v2\/index.php?rest_route=%2Fwp%2Fv2%2Fcomments&post=9622"}],"version-history":[{"count":1,"href":"http:\/\/paroquiagloria.org\/v2\/index.php?rest_route=\/wp\/v2\/posts\/9622\/revisions"}],"predecessor-version":[{"id":9623,"href":"http:\/\/paroquiagloria.org\/v2\/index.php?rest_route=\/wp\/v2\/posts\/9622\/revisions\/9623"}],"wp:featuredmedia":[{"embeddable":true,"href":"http:\/\/paroquiagloria.org\/v2\/index.php?rest_route=\/wp\/v2\/media\/9538"}],"wp:attachment":[{"href":"http:\/\/paroquiagloria.org\/v2\/index.php?rest_route=%2Fwp%2Fv2%2Fmedia&parent=9622"}],"wp:term":[{"taxonomy":"category","embeddable":true,"href":"http:\/\/paroquiagloria.org\/v2\/index.php?rest_route=%2Fwp%2Fv2%2Fcategories&post=9622"},{"taxonomy":"post_tag","embeddable":true,"href":"http:\/\/paroquiagloria.org\/v2\/index.php?rest_route=%2Fwp%2Fv2%2Ftags&post=9622"}],"curies":[{"name":"wp","href":"https:\/\/api.w.org\/{rel}","templated":true}]}}