{"id":9606,"date":"2021-07-10T19:23:28","date_gmt":"2021-07-10T19:23:28","guid":{"rendered":"http:\/\/paroquiagloria.org\/v2\/?p=9606"},"modified":"2021-07-10T19:23:35","modified_gmt":"2021-07-10T19:23:35","slug":"postal-do-principe-2","status":"publish","type":"post","link":"http:\/\/paroquiagloria.org\/v2\/?p=9606","title":{"rendered":"#Postal do Pr\u00edncipe [2]"},"content":{"rendered":"\n<div class=\"wp-block-image\"><figure class=\"aligncenter size-large\"><a href=\"http:\/\/paroquiagloria.org\/v2\/wp-content\/uploads\/2021\/07\/IgrejaPrincipe_1.jpg\"><img loading=\"lazy\" width=\"960\" height=\"843\" src=\"http:\/\/paroquiagloria.org\/v2\/wp-content\/uploads\/2021\/07\/IgrejaPrincipe_1.jpg\" alt=\"\" class=\"wp-image-9598\" srcset=\"http:\/\/paroquiagloria.org\/v2\/wp-content\/uploads\/2021\/07\/IgrejaPrincipe_1.jpg 960w, http:\/\/paroquiagloria.org\/v2\/wp-content\/uploads\/2021\/07\/IgrejaPrincipe_1-300x263.jpg 300w, http:\/\/paroquiagloria.org\/v2\/wp-content\/uploads\/2021\/07\/IgrejaPrincipe_1-768x674.jpg 768w\" sizes=\"(max-width: 960px) 100vw, 960px\" \/><\/a><\/figure><\/div>\n\n\n\n<p>Na segunda semana os dias continuam a iniciar cedo (pelas 5h da manh\u00e3) alguns deles com missa pelas 6h. O sol j\u00e1 brilha a esta hora e o calor tamb\u00e9m j\u00e1 se faz sentir, pelo que n\u00e3o custa iniciar o dia a esta hora.<br>Estamos numa ilha pequena, com cerca de 9 000 habitantes, muitos desses dispersos por comunidades mais distantes (ro\u00e7as) pelo que muitas das pessoas na rua j\u00e1 nos identificam pela miss\u00e3o que desempenhamos.<br>Quando vamos mais distra\u00eddos alguma crian\u00e7a ou adulto chama pelos padres e facilmente soltamos uma sauda\u00e7\u00e3o e um sorriso.<br>Foram v\u00e1rias as vezes em que me questionei relativamente ao que falta a estas pessoas. Faltam muitos confortos a que eu estou habituado, mas que eles n\u00e3o sentem falta, porque nunca o conheceram; falta tempo para as crian\u00e7as brincarem com as tecnologias ainda antes de saberem caminhar? N\u00e3o, porque desde os primeiros meses v\u00e3o amarradas nas costas das m\u00e3es para o rio ou tanque lavar a roupa ou a loi\u00e7a, e quando j\u00e1 sabem fazer, s\u00e3o elas que come\u00e7am a fazer esses trabalhos e nos intervalos destes trabalhos e da escola ainda arranjam tempo para brincarem na rua com outras crian\u00e7as.<br>Depois de 16 dias por S. Tom\u00e9 e Pr\u00edncipe renovo a certeza de que a vida de qualquer um de n\u00f3s pode ser mais descomplicada, que isso torna-nos mais simples e felizes mesmo que seja a tomar banho com 8 litros de \u00e1gua num balde, pois h\u00e1 quem nem isso tenha para tomar banho em casa.<br>Termino com a esperan\u00e7a de que, se Deus quiser que volte a esta terra, consiga deixar mais do que aquilo que levei nas vezes anteriores.<br>Um abra\u00e7o, desde o avi\u00e3o, a 10 000 metros de altitude.<\/p>\n\n\n\n<p class=\"has-text-align-right\">Pe. Pedro<\/p>\n\n\n\n<div class=\"wp-block-image\"><figure class=\"aligncenter size-large\"><a href=\"http:\/\/paroquiagloria.org\/v2\/wp-content\/uploads\/2021\/07\/IgrejaPrincipe_2.jpg\"><img loading=\"lazy\" width=\"402\" height=\"204\" src=\"http:\/\/paroquiagloria.org\/v2\/wp-content\/uploads\/2021\/07\/IgrejaPrincipe_2.jpg\" alt=\"\" class=\"wp-image-9597\" srcset=\"http:\/\/paroquiagloria.org\/v2\/wp-content\/uploads\/2021\/07\/IgrejaPrincipe_2.jpg 402w, http:\/\/paroquiagloria.org\/v2\/wp-content\/uploads\/2021\/07\/IgrejaPrincipe_2-300x152.jpg 300w\" sizes=\"(max-width: 402px) 100vw, 402px\" \/><\/a><\/figure><\/div>\n","protected":false},"excerpt":{"rendered":"<p>Na segunda semana os dias continuam a iniciar cedo (pelas 5h da manh\u00e3) alguns deles com missa pelas 6h. O sol j\u00e1 brilha a esta hora e o calor tamb\u00e9m j\u00e1 se faz sentir, pelo que n\u00e3o custa iniciar o dia a esta hora.Estamos numa ilha pequena, com cerca de 9 000 habitantes, muitos desses [&hellip;]<\/p>\n","protected":false},"author":1,"featured_media":9593,"comment_status":"open","ping_status":"closed","sticky":false,"template":"","format":"standard","meta":{"ngg_post_thumbnail":0},"categories":[1,4,2,6],"tags":[],"_links":{"self":[{"href":"http:\/\/paroquiagloria.org\/v2\/index.php?rest_route=\/wp\/v2\/posts\/9606"}],"collection":[{"href":"http:\/\/paroquiagloria.org\/v2\/index.php?rest_route=\/wp\/v2\/posts"}],"about":[{"href":"http:\/\/paroquiagloria.org\/v2\/index.php?rest_route=\/wp\/v2\/types\/post"}],"author":[{"embeddable":true,"href":"http:\/\/paroquiagloria.org\/v2\/index.php?rest_route=\/wp\/v2\/users\/1"}],"replies":[{"embeddable":true,"href":"http:\/\/paroquiagloria.org\/v2\/index.php?rest_route=%2Fwp%2Fv2%2Fcomments&post=9606"}],"version-history":[{"count":1,"href":"http:\/\/paroquiagloria.org\/v2\/index.php?rest_route=\/wp\/v2\/posts\/9606\/revisions"}],"predecessor-version":[{"id":9607,"href":"http:\/\/paroquiagloria.org\/v2\/index.php?rest_route=\/wp\/v2\/posts\/9606\/revisions\/9607"}],"wp:featuredmedia":[{"embeddable":true,"href":"http:\/\/paroquiagloria.org\/v2\/index.php?rest_route=\/wp\/v2\/media\/9593"}],"wp:attachment":[{"href":"http:\/\/paroquiagloria.org\/v2\/index.php?rest_route=%2Fwp%2Fv2%2Fmedia&parent=9606"}],"wp:term":[{"taxonomy":"category","embeddable":true,"href":"http:\/\/paroquiagloria.org\/v2\/index.php?rest_route=%2Fwp%2Fv2%2Fcategories&post=9606"},{"taxonomy":"post_tag","embeddable":true,"href":"http:\/\/paroquiagloria.org\/v2\/index.php?rest_route=%2Fwp%2Fv2%2Ftags&post=9606"}],"curies":[{"name":"wp","href":"https:\/\/api.w.org\/{rel}","templated":true}]}}