{"id":9602,"date":"2021-07-10T19:20:31","date_gmt":"2021-07-10T19:20:31","guid":{"rendered":"http:\/\/paroquiagloria.org\/v2\/?p=9602"},"modified":"2021-07-10T19:20:32","modified_gmt":"2021-07-10T19:20:32","slug":"catequese-paroquial-2021-2022-2","status":"publish","type":"post","link":"http:\/\/paroquiagloria.org\/v2\/?p=9602","title":{"rendered":"Catequese Paroquial 2021-2022"},"content":{"rendered":"\n<p>Os hor\u00e1rios da Catequese Paroquial da Inf\u00e2ncia, Adolesc\u00eancia e Juventude para o pr\u00f3ximo ano pastoral 2021-2022 encontram-se definidos:<\/p>\n\n\n\n<div class=\"wp-block-image\"><figure class=\"aligncenter size-large\"><a href=\"http:\/\/paroquiagloria.org\/v2\/wp-content\/uploads\/2021\/07\/catequese_insc2021.jpg\"><img loading=\"lazy\" width=\"805\" height=\"1024\" src=\"http:\/\/paroquiagloria.org\/v2\/wp-content\/uploads\/2021\/07\/catequese_insc2021-805x1024.jpg\" alt=\"\" class=\"wp-image-9599\" srcset=\"http:\/\/paroquiagloria.org\/v2\/wp-content\/uploads\/2021\/07\/catequese_insc2021-805x1024.jpg 805w, http:\/\/paroquiagloria.org\/v2\/wp-content\/uploads\/2021\/07\/catequese_insc2021-236x300.jpg 236w, http:\/\/paroquiagloria.org\/v2\/wp-content\/uploads\/2021\/07\/catequese_insc2021-768x976.jpg 768w, http:\/\/paroquiagloria.org\/v2\/wp-content\/uploads\/2021\/07\/catequese_insc2021.jpg 881w\" sizes=\"(max-width: 805px) 100vw, 805px\" \/><\/a><\/figure><\/div>\n","protected":false},"excerpt":{"rendered":"<p>Os hor\u00e1rios da Catequese Paroquial da Inf\u00e2ncia, Adolesc\u00eancia e Juventude para o pr\u00f3ximo ano pastoral 2021-2022 encontram-se definidos:<\/p>\n","protected":false},"author":1,"featured_media":9600,"comment_status":"open","ping_status":"closed","sticky":false,"template":"","format":"standard","meta":{"ngg_post_thumbnail":0},"categories":[1,4,2,6,24],"tags":[],"_links":{"self":[{"href":"http:\/\/paroquiagloria.org\/v2\/index.php?rest_route=\/wp\/v2\/posts\/9602"}],"collection":[{"href":"http:\/\/paroquiagloria.org\/v2\/index.php?rest_route=\/wp\/v2\/posts"}],"about":[{"href":"http:\/\/paroquiagloria.org\/v2\/index.php?rest_route=\/wp\/v2\/types\/post"}],"author":[{"embeddable":true,"href":"http:\/\/paroquiagloria.org\/v2\/index.php?rest_route=\/wp\/v2\/users\/1"}],"replies":[{"embeddable":true,"href":"http:\/\/paroquiagloria.org\/v2\/index.php?rest_route=%2Fwp%2Fv2%2Fcomments&post=9602"}],"version-history":[{"count":1,"href":"http:\/\/paroquiagloria.org\/v2\/index.php?rest_route=\/wp\/v2\/posts\/9602\/revisions"}],"predecessor-version":[{"id":9603,"href":"http:\/\/paroquiagloria.org\/v2\/index.php?rest_route=\/wp\/v2\/posts\/9602\/revisions\/9603"}],"wp:featuredmedia":[{"embeddable":true,"href":"http:\/\/paroquiagloria.org\/v2\/index.php?rest_route=\/wp\/v2\/media\/9600"}],"wp:attachment":[{"href":"http:\/\/paroquiagloria.org\/v2\/index.php?rest_route=%2Fwp%2Fv2%2Fmedia&parent=9602"}],"wp:term":[{"taxonomy":"category","embeddable":true,"href":"http:\/\/paroquiagloria.org\/v2\/index.php?rest_route=%2Fwp%2Fv2%2Fcategories&post=9602"},{"taxonomy":"post_tag","embeddable":true,"href":"http:\/\/paroquiagloria.org\/v2\/index.php?rest_route=%2Fwp%2Fv2%2Ftags&post=9602"}],"curies":[{"name":"wp","href":"https:\/\/api.w.org\/{rel}","templated":true}]}}