{"id":9586,"date":"2021-07-03T18:34:27","date_gmt":"2021-07-03T18:34:27","guid":{"rendered":"http:\/\/paroquiagloria.org\/v2\/?p=9586"},"modified":"2021-07-03T18:34:28","modified_gmt":"2021-07-03T18:34:28","slug":"postal-do-principe","status":"publish","type":"post","link":"http:\/\/paroquiagloria.org\/v2\/?p=9586","title":{"rendered":"#Postal do Pr\u00edncipe"},"content":{"rendered":"\n<div class=\"wp-block-image\"><figure class=\"aligncenter size-large\"><a href=\"http:\/\/paroquiagloria.org\/v2\/wp-content\/uploads\/2021\/07\/3padresnoprincipe.jpg\"><img loading=\"lazy\" width=\"1024\" height=\"764\" src=\"http:\/\/paroquiagloria.org\/v2\/wp-content\/uploads\/2021\/07\/3padresnoprincipe-1024x764.jpg\" alt=\"\" class=\"wp-image-9577\" srcset=\"http:\/\/paroquiagloria.org\/v2\/wp-content\/uploads\/2021\/07\/3padresnoprincipe-1024x764.jpg 1024w, http:\/\/paroquiagloria.org\/v2\/wp-content\/uploads\/2021\/07\/3padresnoprincipe-300x224.jpg 300w, http:\/\/paroquiagloria.org\/v2\/wp-content\/uploads\/2021\/07\/3padresnoprincipe-768x573.jpg 768w, http:\/\/paroquiagloria.org\/v2\/wp-content\/uploads\/2021\/07\/3padresnoprincipe.jpg 1447w\" sizes=\"(max-width: 1024px) 100vw, 1024px\" \/><\/a><\/figure><\/div>\n\n\n\n<p>Os ritmos dos cantos nas Missas, a alegria nas ruas, o barulho das crian\u00e7as a baterem \u00e0 porta de casa a pedirem bolachas ou brinquedos e o verde da floresta densa lembram constantemente que estamos fora de Portugal.<br>Estamos h\u00e1 uma semana em S. Tom\u00e9 e Pr\u00edncipe, mais concretamente na ilha do Pr\u00edncipe a fazer uma experi\u00eancia que podemos chamar de miss\u00e3o e tenho previsto ficar mais uma semana, com mais dois padres.<br>O motivo desta vinda deve-se ao facto de estar um padre da nossa diocese (Pe Francisco Melo) aqui a colaborar h\u00e1 quase um ano e meio e assim fico a conhecer esta realidade, mas tamb\u00e9m a estreitar la\u00e7os e conhecer a forma concreta de ser Igreja neste pa\u00eds.<br>Se o calor tropical envolve e faz transpirar o corpo de um europeu, tamb\u00e9m a simpatia, alegria e simplicidade das vidas vividas no contacto direto com a natureza tamb\u00e9m envolvem e acolhem quem chega moldado por estilo de vida acelerado e sempre preocupado com o consumo.<br>Esta visita est\u00e1 a permitir conhecer os encantos e recantos desta ilha, mas tamb\u00e9m tem sido marcada pela experi\u00eancia de fazer parte da mesma Igreja Cat\u00f3lica que somos.<br>O primeiro fim de semana foi marcado por v\u00e1rias celebra\u00e7\u00f5es com Baptismos (entre 80 e 90) e primeiras comunh\u00f5es (entre as 250 e as 300). Ainda houve tempo para as devidas prepara\u00e7\u00f5es e confiss\u00f5es de um grupo para a primeira comunh\u00e3o.<br>Os dias seguintes foram marcados pela visita a alguns locais de interesse na ilha, e visita a algumas comunidades mais distantes e isoladas.<br>Continuamos mais uns dias nesta miss\u00e3o com a certeza de que partimos mais enriquecidos por encontrar Deus em cada pessoa com quem nos cruzamos nesta bela terra, tamb\u00e9m conhecida como a &#8216;\u00faltima paragem antes do para\u00edso&#8217;.<br>Um abra\u00e7o,<br><\/p>\n\n\n\n<p class=\"has-text-align-right\"><em>Pe. Pedro O.<\/em><\/p>\n","protected":false},"excerpt":{"rendered":"<p>Os ritmos dos cantos nas Missas, a alegria nas ruas, o barulho das crian\u00e7as a baterem \u00e0 porta de casa a pedirem bolachas ou brinquedos e o verde da floresta densa lembram constantemente que estamos fora de Portugal.Estamos h\u00e1 uma semana em S. Tom\u00e9 e Pr\u00edncipe, mais concretamente na ilha do Pr\u00edncipe a fazer uma [&hellip;]<\/p>\n","protected":false},"author":1,"featured_media":9574,"comment_status":"open","ping_status":"closed","sticky":false,"template":"","format":"standard","meta":{"ngg_post_thumbnail":0},"categories":[1,4,2,6],"tags":[],"_links":{"self":[{"href":"http:\/\/paroquiagloria.org\/v2\/index.php?rest_route=\/wp\/v2\/posts\/9586"}],"collection":[{"href":"http:\/\/paroquiagloria.org\/v2\/index.php?rest_route=\/wp\/v2\/posts"}],"about":[{"href":"http:\/\/paroquiagloria.org\/v2\/index.php?rest_route=\/wp\/v2\/types\/post"}],"author":[{"embeddable":true,"href":"http:\/\/paroquiagloria.org\/v2\/index.php?rest_route=\/wp\/v2\/users\/1"}],"replies":[{"embeddable":true,"href":"http:\/\/paroquiagloria.org\/v2\/index.php?rest_route=%2Fwp%2Fv2%2Fcomments&post=9586"}],"version-history":[{"count":1,"href":"http:\/\/paroquiagloria.org\/v2\/index.php?rest_route=\/wp\/v2\/posts\/9586\/revisions"}],"predecessor-version":[{"id":9587,"href":"http:\/\/paroquiagloria.org\/v2\/index.php?rest_route=\/wp\/v2\/posts\/9586\/revisions\/9587"}],"wp:featuredmedia":[{"embeddable":true,"href":"http:\/\/paroquiagloria.org\/v2\/index.php?rest_route=\/wp\/v2\/media\/9574"}],"wp:attachment":[{"href":"http:\/\/paroquiagloria.org\/v2\/index.php?rest_route=%2Fwp%2Fv2%2Fmedia&parent=9586"}],"wp:term":[{"taxonomy":"category","embeddable":true,"href":"http:\/\/paroquiagloria.org\/v2\/index.php?rest_route=%2Fwp%2Fv2%2Fcategories&post=9586"},{"taxonomy":"post_tag","embeddable":true,"href":"http:\/\/paroquiagloria.org\/v2\/index.php?rest_route=%2Fwp%2Fv2%2Ftags&post=9586"}],"curies":[{"name":"wp","href":"https:\/\/api.w.org\/{rel}","templated":true}]}}