{"id":9569,"date":"2021-06-26T18:43:46","date_gmt":"2021-06-26T18:43:46","guid":{"rendered":"http:\/\/paroquiagloria.org\/v2\/?p=9569"},"modified":"2021-06-26T18:43:47","modified_gmt":"2021-06-26T18:43:47","slug":"era-uma-vez","status":"publish","type":"post","link":"http:\/\/paroquiagloria.org\/v2\/?p=9569","title":{"rendered":"Era uma vez&#8230;"},"content":{"rendered":"\n<div class=\"wp-block-image\"><figure class=\"aligncenter size-large\"><a href=\"http:\/\/paroquiagloria.org\/v2\/wp-content\/uploads\/2021\/06\/20479990_R7UDv.jpeg\"><img loading=\"lazy\" width=\"600\" height=\"260\" src=\"http:\/\/paroquiagloria.org\/v2\/wp-content\/uploads\/2021\/06\/20479990_R7UDv.jpeg\" alt=\"\" class=\"wp-image-9557\" srcset=\"http:\/\/paroquiagloria.org\/v2\/wp-content\/uploads\/2021\/06\/20479990_R7UDv.jpeg 600w, http:\/\/paroquiagloria.org\/v2\/wp-content\/uploads\/2021\/06\/20479990_R7UDv-300x130.jpeg 300w\" sizes=\"(max-width: 600px) 100vw, 600px\" \/><\/a><\/figure><\/div>\n\n\n\n<p>No princ\u00edpio da semana atendi dois telefonemas a perguntar se n\u00e3o &#8220;havia sardinhas no parque&#8221;. Estranhei os contactos, porque n\u00e3o os relacionei com as <strong>&#8220;Festas de Ver\u00e3o<\/strong>&#8220;, previstas habitualmente no calend\u00e1rio das actividades da nossa Par\u00f3quia, no m\u00eas de Junho.<br>N\u00e3o sei se as vamos &#8220;ressuscitar&#8221;, mas sei que eram momentos fortes, ainda que trabalhosos, que proporcionavam agrad\u00e1veis experi\u00eancias de s\u00e3o conv\u00edvio entre as pessoas, residentes ou n\u00e3o na Par\u00f3quia. Eram noites bem simp\u00e1ticas na varanda do nosso Parque.<br>\u00c9 claro que as dificuldades nestes \u00faltimos tempos eram enormes e obrigavam os volunt\u00e1rios, cada vez menos e de sa\u00fade mais d\u00e9bil, a &#8220;fazer das tripas cora\u00e7\u00e3o&#8221; para p\u00f4r em p\u00e9 as <strong>&#8220;Festas de Ver\u00e3o&#8221;<\/strong>. No final, por\u00e9m, apesar dos &#8220;sen\u00f5es&#8221;, sent\u00edamos sempre que tinha valido a pena.<br>N\u00e3o sei se as vamos ressuscitar, digo, mas estou certo de que nos temos de reinventar, para que a dimens\u00e3o convivial, proporcionada pelas <strong>Festas de Ver\u00e3o<\/strong> e outras actividades, n\u00e3o seja esquecida ou desvalorizada, porque \u00e9 fundamental para o fortalecimento do tecido s\u00f3cio-religioso de qualquer Par\u00f3quia.<\/p>\n\n\n\n<p class=\"has-text-align-right\">Pe. Fausto<\/p>\n","protected":false},"excerpt":{"rendered":"<p>No princ\u00edpio da semana atendi dois telefonemas a perguntar se n\u00e3o &#8220;havia sardinhas no parque&#8221;. Estranhei os contactos, porque n\u00e3o os relacionei com as &#8220;Festas de Ver\u00e3o&#8220;, previstas habitualmente no calend\u00e1rio das actividades da nossa Par\u00f3quia, no m\u00eas de Junho.N\u00e3o sei se as vamos &#8220;ressuscitar&#8221;, mas sei que eram momentos fortes, ainda que trabalhosos, que [&hellip;]<\/p>\n","protected":false},"author":1,"featured_media":9561,"comment_status":"open","ping_status":"closed","sticky":false,"template":"","format":"standard","meta":{"ngg_post_thumbnail":0},"categories":[1,4,2,6],"tags":[],"_links":{"self":[{"href":"http:\/\/paroquiagloria.org\/v2\/index.php?rest_route=\/wp\/v2\/posts\/9569"}],"collection":[{"href":"http:\/\/paroquiagloria.org\/v2\/index.php?rest_route=\/wp\/v2\/posts"}],"about":[{"href":"http:\/\/paroquiagloria.org\/v2\/index.php?rest_route=\/wp\/v2\/types\/post"}],"author":[{"embeddable":true,"href":"http:\/\/paroquiagloria.org\/v2\/index.php?rest_route=\/wp\/v2\/users\/1"}],"replies":[{"embeddable":true,"href":"http:\/\/paroquiagloria.org\/v2\/index.php?rest_route=%2Fwp%2Fv2%2Fcomments&post=9569"}],"version-history":[{"count":1,"href":"http:\/\/paroquiagloria.org\/v2\/index.php?rest_route=\/wp\/v2\/posts\/9569\/revisions"}],"predecessor-version":[{"id":9570,"href":"http:\/\/paroquiagloria.org\/v2\/index.php?rest_route=\/wp\/v2\/posts\/9569\/revisions\/9570"}],"wp:featuredmedia":[{"embeddable":true,"href":"http:\/\/paroquiagloria.org\/v2\/index.php?rest_route=\/wp\/v2\/media\/9561"}],"wp:attachment":[{"href":"http:\/\/paroquiagloria.org\/v2\/index.php?rest_route=%2Fwp%2Fv2%2Fmedia&parent=9569"}],"wp:term":[{"taxonomy":"category","embeddable":true,"href":"http:\/\/paroquiagloria.org\/v2\/index.php?rest_route=%2Fwp%2Fv2%2Fcategories&post=9569"},{"taxonomy":"post_tag","embeddable":true,"href":"http:\/\/paroquiagloria.org\/v2\/index.php?rest_route=%2Fwp%2Fv2%2Ftags&post=9569"}],"curies":[{"name":"wp","href":"https:\/\/api.w.org\/{rel}","templated":true}]}}