{"id":9549,"date":"2021-06-19T18:39:20","date_gmt":"2021-06-19T18:39:20","guid":{"rendered":"http:\/\/paroquiagloria.org\/v2\/?p=9549"},"modified":"2021-06-19T18:39:22","modified_gmt":"2021-06-19T18:39:22","slug":"escuteiros-participam-na-atividade-escutama","status":"publish","type":"post","link":"http:\/\/paroquiagloria.org\/v2\/?p=9549","title":{"rendered":"Escuteiros participam na atividade \u00abEscutAMA\u00bb"},"content":{"rendered":"\n<div class=\"wp-block-image\"><figure class=\"aligncenter size-large\"><a href=\"http:\/\/paroquiagloria.org\/v2\/wp-content\/uploads\/2021\/06\/Aveiro_Escutama2021_escuteiros-e-escoteiros-1.jpg\"><img loading=\"lazy\" width=\"1024\" height=\"1024\" src=\"http:\/\/paroquiagloria.org\/v2\/wp-content\/uploads\/2021\/06\/Aveiro_Escutama2021_escuteiros-e-escoteiros-1-1024x1024.jpg\" alt=\"\" class=\"wp-image-9531\" srcset=\"http:\/\/paroquiagloria.org\/v2\/wp-content\/uploads\/2021\/06\/Aveiro_Escutama2021_escuteiros-e-escoteiros-1-1024x1024.jpg 1024w, http:\/\/paroquiagloria.org\/v2\/wp-content\/uploads\/2021\/06\/Aveiro_Escutama2021_escuteiros-e-escoteiros-1-300x300.jpg 300w, http:\/\/paroquiagloria.org\/v2\/wp-content\/uploads\/2021\/06\/Aveiro_Escutama2021_escuteiros-e-escoteiros-1-150x150.jpg 150w, http:\/\/paroquiagloria.org\/v2\/wp-content\/uploads\/2021\/06\/Aveiro_Escutama2021_escuteiros-e-escoteiros-1-768x768.jpg 768w, http:\/\/paroquiagloria.org\/v2\/wp-content\/uploads\/2021\/06\/Aveiro_Escutama2021_escuteiros-e-escoteiros-1-1536x1536.jpg 1536w, http:\/\/paroquiagloria.org\/v2\/wp-content\/uploads\/2021\/06\/Aveiro_Escutama2021_escuteiros-e-escoteiros-1-185x185.jpg 185w, http:\/\/paroquiagloria.org\/v2\/wp-content\/uploads\/2021\/06\/Aveiro_Escutama2021_escuteiros-e-escoteiros-1-184x184.jpg 184w, http:\/\/paroquiagloria.org\/v2\/wp-content\/uploads\/2021\/06\/Aveiro_Escutama2021_escuteiros-e-escoteiros-1.jpg 1764w\" sizes=\"(max-width: 1024px) 100vw, 1024px\" \/><\/a><\/figure><\/div>\n\n\n\n<p>Os agrupamentos do Corpo Nacional de Escutas (CNE) no concelho de Aveiro e o grupo da Associa\u00e7\u00e3o de Escoteiros de Portugal (AEP) participam este s\u00e1bado, dia 19 de junho no \u2018EscutAMA\u2019 2021\u2019.<br>\u201cProporcionaremos \u00e0s crian\u00e7as, adolescentes e jovens a possibilidade de vivenciar uma atividade de acordo com os valores que preconizamos, dando especial \u00eanfase \u00e0 componente ambiental e ao desenvolvimento sustent\u00e1vel\u201d, salienta a equipa de comunica\u00e7\u00e3o do \u2018EscutAMA\u2019 2021.<br>Esta iniciativa \u00e9 uma \u201coportunidade\u201d para gradualmente as crian\u00e7as e jovens destes movimentos regressarem ao \u201car livre e o contacto privilegiado com a natureza\u201d, que \u00e9 um espa\u00e7o de refer\u00eancia das suas atividades.<\/p>\n\n\n\n<p><\/p>\n\n\n\n<p>fonte: <a href=\"https:\/\/agencia.ecclesia.pt\/portal\/aveiro-escuteiros-participam-na-atividade-escutama\/\" data-type=\"URL\" data-id=\"https:\/\/agencia.ecclesia.pt\/portal\/aveiro-escuteiros-participam-na-atividade-escutama\/\" target=\"_blank\" rel=\"noreferrer noopener\">Ecclesia<\/a><\/p>\n","protected":false},"excerpt":{"rendered":"<p>Os agrupamentos do Corpo Nacional de Escutas (CNE) no concelho de Aveiro e o grupo da Associa\u00e7\u00e3o de Escoteiros de Portugal (AEP) participam este s\u00e1bado, dia 19 de junho no \u2018EscutAMA\u2019 2021\u2019.\u201cProporcionaremos \u00e0s crian\u00e7as, adolescentes e jovens a possibilidade de vivenciar uma atividade de acordo com os valores que preconizamos, dando especial \u00eanfase \u00e0 componente [&hellip;]<\/p>\n","protected":false},"author":1,"featured_media":9535,"comment_status":"open","ping_status":"closed","sticky":false,"template":"","format":"standard","meta":{"ngg_post_thumbnail":0},"categories":[1,4,2,6],"tags":[],"_links":{"self":[{"href":"http:\/\/paroquiagloria.org\/v2\/index.php?rest_route=\/wp\/v2\/posts\/9549"}],"collection":[{"href":"http:\/\/paroquiagloria.org\/v2\/index.php?rest_route=\/wp\/v2\/posts"}],"about":[{"href":"http:\/\/paroquiagloria.org\/v2\/index.php?rest_route=\/wp\/v2\/types\/post"}],"author":[{"embeddable":true,"href":"http:\/\/paroquiagloria.org\/v2\/index.php?rest_route=\/wp\/v2\/users\/1"}],"replies":[{"embeddable":true,"href":"http:\/\/paroquiagloria.org\/v2\/index.php?rest_route=%2Fwp%2Fv2%2Fcomments&post=9549"}],"version-history":[{"count":1,"href":"http:\/\/paroquiagloria.org\/v2\/index.php?rest_route=\/wp\/v2\/posts\/9549\/revisions"}],"predecessor-version":[{"id":9550,"href":"http:\/\/paroquiagloria.org\/v2\/index.php?rest_route=\/wp\/v2\/posts\/9549\/revisions\/9550"}],"wp:featuredmedia":[{"embeddable":true,"href":"http:\/\/paroquiagloria.org\/v2\/index.php?rest_route=\/wp\/v2\/media\/9535"}],"wp:attachment":[{"href":"http:\/\/paroquiagloria.org\/v2\/index.php?rest_route=%2Fwp%2Fv2%2Fmedia&parent=9549"}],"wp:term":[{"taxonomy":"category","embeddable":true,"href":"http:\/\/paroquiagloria.org\/v2\/index.php?rest_route=%2Fwp%2Fv2%2Fcategories&post=9549"},{"taxonomy":"post_tag","embeddable":true,"href":"http:\/\/paroquiagloria.org\/v2\/index.php?rest_route=%2Fwp%2Fv2%2Ftags&post=9549"}],"curies":[{"name":"wp","href":"https:\/\/api.w.org\/{rel}","templated":true}]}}