{"id":9547,"date":"2021-06-19T18:37:18","date_gmt":"2021-06-19T18:37:18","guid":{"rendered":"http:\/\/paroquiagloria.org\/v2\/?p=9547"},"modified":"2021-06-19T18:37:19","modified_gmt":"2021-06-19T18:37:19","slug":"dia-mundial-dos-avos-e-dos-idosos","status":"publish","type":"post","link":"http:\/\/paroquiagloria.org\/v2\/?p=9547","title":{"rendered":"Dia Mundial dos Av\u00f3s e dos Idosos"},"content":{"rendered":"\n<div class=\"wp-block-image\"><figure class=\"aligncenter size-large\"><a href=\"http:\/\/paroquiagloria.org\/v2\/wp-content\/uploads\/2021\/06\/avos-felizes.jpg\"><img loading=\"lazy\" width=\"626\" height=\"417\" src=\"http:\/\/paroquiagloria.org\/v2\/wp-content\/uploads\/2021\/06\/avos-felizes.jpg\" alt=\"\" class=\"wp-image-9539\" srcset=\"http:\/\/paroquiagloria.org\/v2\/wp-content\/uploads\/2021\/06\/avos-felizes.jpg 626w, http:\/\/paroquiagloria.org\/v2\/wp-content\/uploads\/2021\/06\/avos-felizes-300x200.jpg 300w, http:\/\/paroquiagloria.org\/v2\/wp-content\/uploads\/2021\/06\/avos-felizes-140x94.jpg 140w\" sizes=\"(max-width: 626px) 100vw, 626px\" \/><\/a><\/figure><\/div>\n\n\n\n<p>O Vaticano vai apresentar o primeiro Dia Mundial dos Av\u00f3s e dos Idosos e a mensagem do Papa Francisco numa confer\u00eancia de imprensa na pr\u00f3xima ter\u00e7a-feira, 22 de junho.<br>\u2018Eu estou contigo todos os dias\u2019 (cf. Mt 28,20) \u00e9 o tema do primeiro Dia Mundial dos Av\u00f3s e dos Idosos, que vai ser celebrado a 25 de julho deste ano, junto \u00e0 celebra\u00e7\u00e3o lit\u00fargica de S\u00e3o Joaquim e Santa Ana (26 de julho).<\/p>\n\n\n\n<p>fonte: <a href=\"https:\/\/agencia.ecclesia.pt\/portal\/evento\/igreja-vaticano-apresenta-mensagem-do-papa-para-o-dia-mundial-dos-avos-e-dos-idosos\/\" data-type=\"URL\" data-id=\"https:\/\/agencia.ecclesia.pt\/portal\/evento\/igreja-vaticano-apresenta-mensagem-do-papa-para-o-dia-mundial-dos-avos-e-dos-idosos\/\" target=\"_blank\" rel=\"noreferrer noopener\">Ecclesia<\/a><\/p>\n","protected":false},"excerpt":{"rendered":"<p>O Vaticano vai apresentar o primeiro Dia Mundial dos Av\u00f3s e dos Idosos e a mensagem do Papa Francisco numa confer\u00eancia de imprensa na pr\u00f3xima ter\u00e7a-feira, 22 de junho.\u2018Eu estou contigo todos os dias\u2019 (cf. Mt 28,20) \u00e9 o tema do primeiro Dia Mundial dos Av\u00f3s e dos Idosos, que vai ser celebrado a 25 [&hellip;]<\/p>\n","protected":false},"author":1,"featured_media":9538,"comment_status":"open","ping_status":"closed","sticky":false,"template":"","format":"standard","meta":{"ngg_post_thumbnail":0},"categories":[1,4,2,6],"tags":[],"_links":{"self":[{"href":"http:\/\/paroquiagloria.org\/v2\/index.php?rest_route=\/wp\/v2\/posts\/9547"}],"collection":[{"href":"http:\/\/paroquiagloria.org\/v2\/index.php?rest_route=\/wp\/v2\/posts"}],"about":[{"href":"http:\/\/paroquiagloria.org\/v2\/index.php?rest_route=\/wp\/v2\/types\/post"}],"author":[{"embeddable":true,"href":"http:\/\/paroquiagloria.org\/v2\/index.php?rest_route=\/wp\/v2\/users\/1"}],"replies":[{"embeddable":true,"href":"http:\/\/paroquiagloria.org\/v2\/index.php?rest_route=%2Fwp%2Fv2%2Fcomments&post=9547"}],"version-history":[{"count":1,"href":"http:\/\/paroquiagloria.org\/v2\/index.php?rest_route=\/wp\/v2\/posts\/9547\/revisions"}],"predecessor-version":[{"id":9548,"href":"http:\/\/paroquiagloria.org\/v2\/index.php?rest_route=\/wp\/v2\/posts\/9547\/revisions\/9548"}],"wp:featuredmedia":[{"embeddable":true,"href":"http:\/\/paroquiagloria.org\/v2\/index.php?rest_route=\/wp\/v2\/media\/9538"}],"wp:attachment":[{"href":"http:\/\/paroquiagloria.org\/v2\/index.php?rest_route=%2Fwp%2Fv2%2Fmedia&parent=9547"}],"wp:term":[{"taxonomy":"category","embeddable":true,"href":"http:\/\/paroquiagloria.org\/v2\/index.php?rest_route=%2Fwp%2Fv2%2Fcategories&post=9547"},{"taxonomy":"post_tag","embeddable":true,"href":"http:\/\/paroquiagloria.org\/v2\/index.php?rest_route=%2Fwp%2Fv2%2Ftags&post=9547"}],"curies":[{"name":"wp","href":"https:\/\/api.w.org\/{rel}","templated":true}]}}