{"id":9543,"date":"2021-06-19T18:32:30","date_gmt":"2021-06-19T18:32:30","guid":{"rendered":"http:\/\/paroquiagloria.org\/v2\/?p=9543"},"modified":"2021-06-19T18:32:31","modified_gmt":"2021-06-19T18:32:31","slug":"sacramento-da-reconciliacao-2","status":"publish","type":"post","link":"http:\/\/paroquiagloria.org\/v2\/?p=9543","title":{"rendered":"Sacramento da Reconcilia\u00e7\u00e3o"},"content":{"rendered":"\n<div class=\"wp-block-image\"><figure class=\"aligncenter size-large\"><a href=\"http:\/\/paroquiagloria.org\/v2\/wp-content\/uploads\/2021\/06\/reconciliacao.jpg\"><img loading=\"lazy\" width=\"748\" height=\"748\" src=\"http:\/\/paroquiagloria.org\/v2\/wp-content\/uploads\/2021\/06\/reconciliacao.jpg\" alt=\"\" class=\"wp-image-9536\" srcset=\"http:\/\/paroquiagloria.org\/v2\/wp-content\/uploads\/2021\/06\/reconciliacao.jpg 748w, http:\/\/paroquiagloria.org\/v2\/wp-content\/uploads\/2021\/06\/reconciliacao-300x300.jpg 300w, http:\/\/paroquiagloria.org\/v2\/wp-content\/uploads\/2021\/06\/reconciliacao-150x150.jpg 150w, http:\/\/paroquiagloria.org\/v2\/wp-content\/uploads\/2021\/06\/reconciliacao-185x185.jpg 185w, http:\/\/paroquiagloria.org\/v2\/wp-content\/uploads\/2021\/06\/reconciliacao-184x184.jpg 184w\" sizes=\"(max-width: 748px) 100vw, 748px\" \/><\/a><\/figure><\/div>\n\n\n\n<p>A partir da pr\u00f3xima semana ser\u00e1 reduzido o hor\u00e1rio das confiss\u00f5es.<br>Haver\u00e1 confiss\u00f5es \u00e0s <strong>segundas, quartas e sextas entre as 9,30h e as 11h.<\/strong><\/p>\n","protected":false},"excerpt":{"rendered":"<p>A partir da pr\u00f3xima semana ser\u00e1 reduzido o hor\u00e1rio das confiss\u00f5es.Haver\u00e1 confiss\u00f5es \u00e0s segundas, quartas e sextas entre as 9,30h e as 11h.<\/p>\n","protected":false},"author":1,"featured_media":9537,"comment_status":"open","ping_status":"closed","sticky":false,"template":"","format":"standard","meta":{"ngg_post_thumbnail":0},"categories":[1,4,2,6],"tags":[],"_links":{"self":[{"href":"http:\/\/paroquiagloria.org\/v2\/index.php?rest_route=\/wp\/v2\/posts\/9543"}],"collection":[{"href":"http:\/\/paroquiagloria.org\/v2\/index.php?rest_route=\/wp\/v2\/posts"}],"about":[{"href":"http:\/\/paroquiagloria.org\/v2\/index.php?rest_route=\/wp\/v2\/types\/post"}],"author":[{"embeddable":true,"href":"http:\/\/paroquiagloria.org\/v2\/index.php?rest_route=\/wp\/v2\/users\/1"}],"replies":[{"embeddable":true,"href":"http:\/\/paroquiagloria.org\/v2\/index.php?rest_route=%2Fwp%2Fv2%2Fcomments&post=9543"}],"version-history":[{"count":1,"href":"http:\/\/paroquiagloria.org\/v2\/index.php?rest_route=\/wp\/v2\/posts\/9543\/revisions"}],"predecessor-version":[{"id":9544,"href":"http:\/\/paroquiagloria.org\/v2\/index.php?rest_route=\/wp\/v2\/posts\/9543\/revisions\/9544"}],"wp:featuredmedia":[{"embeddable":true,"href":"http:\/\/paroquiagloria.org\/v2\/index.php?rest_route=\/wp\/v2\/media\/9537"}],"wp:attachment":[{"href":"http:\/\/paroquiagloria.org\/v2\/index.php?rest_route=%2Fwp%2Fv2%2Fmedia&parent=9543"}],"wp:term":[{"taxonomy":"category","embeddable":true,"href":"http:\/\/paroquiagloria.org\/v2\/index.php?rest_route=%2Fwp%2Fv2%2Fcategories&post=9543"},{"taxonomy":"post_tag","embeddable":true,"href":"http:\/\/paroquiagloria.org\/v2\/index.php?rest_route=%2Fwp%2Fv2%2Ftags&post=9543"}],"curies":[{"name":"wp","href":"https:\/\/api.w.org\/{rel}","templated":true}]}}