{"id":9513,"date":"2021-06-12T17:49:12","date_gmt":"2021-06-12T17:49:12","guid":{"rendered":"http:\/\/paroquiagloria.org\/v2\/?p=9513"},"modified":"2021-06-12T17:54:16","modified_gmt":"2021-06-12T17:54:16","slug":"igreja-em-sinodo","status":"publish","type":"post","link":"http:\/\/paroquiagloria.org\/v2\/?p=9513","title":{"rendered":"Igreja em S\u00ednodo"},"content":{"rendered":"\n<div class=\"wp-block-image\"><figure class=\"aligncenter size-large\"><a href=\"http:\/\/paroquiagloria.org\/v2\/wp-content\/uploads\/2021\/05\/transferir.png\"><img loading=\"lazy\" width=\"225\" height=\"225\" src=\"http:\/\/paroquiagloria.org\/v2\/wp-content\/uploads\/2021\/05\/transferir.png\" alt=\"\" class=\"wp-image-9439\" srcset=\"http:\/\/paroquiagloria.org\/v2\/wp-content\/uploads\/2021\/05\/transferir.png 225w, http:\/\/paroquiagloria.org\/v2\/wp-content\/uploads\/2021\/05\/transferir-150x150.png 150w, http:\/\/paroquiagloria.org\/v2\/wp-content\/uploads\/2021\/05\/transferir-185x185.png 185w, http:\/\/paroquiagloria.org\/v2\/wp-content\/uploads\/2021\/05\/transferir-184x184.png 184w\" sizes=\"(max-width: 225px) 100vw, 225px\" \/><\/a><\/figure><\/div>\n\n\n\n<p><\/p>\n\n\n\n<h3>\u201cUm \u00e0 escuta dos outros; e todos \u00e0 escuta do Esp\u00edrito Santo.\u201d<\/h3>\n\n\n\n<p><\/p>\n\n\n\n<p>O Papa Francisco convocou um S\u00ednodo para todas as Igrejas locais a iniciar no pr\u00f3ximo m\u00eas de outubro.<\/p>\n\n\n\n<figure class=\"wp-block-pullquote is-style-default\" style=\"border-color:#000000\"><blockquote class=\"has-text-color has-black-color\"><p><strong>Sabe o que \u00e9 um S\u00ednodo?<\/strong><\/p><p><strong>Para que serve?<\/strong><\/p><p><strong>Que temas se tratam?<\/strong><\/p><p><strong>Quem pode participar?<\/strong><\/p><p><strong>Pode haver um S\u00ednodo na nossa par\u00f3quia?<\/strong><\/p><\/blockquote><\/figure>\n\n\n\n<p><\/p>\n\n\n\n<p><\/p>\n","protected":false},"excerpt":{"rendered":"<p>\u201cUm \u00e0 escuta dos outros; e todos \u00e0 escuta do Esp\u00edrito Santo.\u201d O Papa Francisco convocou um S\u00ednodo para todas as Igrejas locais a iniciar no pr\u00f3ximo m\u00eas de outubro. Sabe o que \u00e9 um S\u00ednodo? Para que serve? Que temas se tratam? Quem pode participar? Pode haver um S\u00ednodo na nossa par\u00f3quia?<\/p>\n","protected":false},"author":1,"featured_media":9433,"comment_status":"open","ping_status":"closed","sticky":false,"template":"","format":"standard","meta":{"ngg_post_thumbnail":0},"categories":[1,4,2,6],"tags":[],"_links":{"self":[{"href":"http:\/\/paroquiagloria.org\/v2\/index.php?rest_route=\/wp\/v2\/posts\/9513"}],"collection":[{"href":"http:\/\/paroquiagloria.org\/v2\/index.php?rest_route=\/wp\/v2\/posts"}],"about":[{"href":"http:\/\/paroquiagloria.org\/v2\/index.php?rest_route=\/wp\/v2\/types\/post"}],"author":[{"embeddable":true,"href":"http:\/\/paroquiagloria.org\/v2\/index.php?rest_route=\/wp\/v2\/users\/1"}],"replies":[{"embeddable":true,"href":"http:\/\/paroquiagloria.org\/v2\/index.php?rest_route=%2Fwp%2Fv2%2Fcomments&post=9513"}],"version-history":[{"count":7,"href":"http:\/\/paroquiagloria.org\/v2\/index.php?rest_route=\/wp\/v2\/posts\/9513\/revisions"}],"predecessor-version":[{"id":9523,"href":"http:\/\/paroquiagloria.org\/v2\/index.php?rest_route=\/wp\/v2\/posts\/9513\/revisions\/9523"}],"wp:featuredmedia":[{"embeddable":true,"href":"http:\/\/paroquiagloria.org\/v2\/index.php?rest_route=\/wp\/v2\/media\/9433"}],"wp:attachment":[{"href":"http:\/\/paroquiagloria.org\/v2\/index.php?rest_route=%2Fwp%2Fv2%2Fmedia&parent=9513"}],"wp:term":[{"taxonomy":"category","embeddable":true,"href":"http:\/\/paroquiagloria.org\/v2\/index.php?rest_route=%2Fwp%2Fv2%2Fcategories&post=9513"},{"taxonomy":"post_tag","embeddable":true,"href":"http:\/\/paroquiagloria.org\/v2\/index.php?rest_route=%2Fwp%2Fv2%2Ftags&post=9513"}],"curies":[{"name":"wp","href":"https:\/\/api.w.org\/{rel}","templated":true}]}}