{"id":9493,"date":"2021-06-05T19:06:57","date_gmt":"2021-06-05T19:06:57","guid":{"rendered":"http:\/\/paroquiagloria.org\/v2\/?p=9493"},"modified":"2021-06-05T19:06:58","modified_gmt":"2021-06-05T19:06:58","slug":"lausperene-diocesano-4","status":"publish","type":"post","link":"http:\/\/paroquiagloria.org\/v2\/?p=9493","title":{"rendered":"Lausperene Diocesano"},"content":{"rendered":"\n<div class=\"wp-block-image\"><figure class=\"aligncenter size-large\"><a href=\"http:\/\/paroquiagloria.org\/v2\/wp-content\/uploads\/2021\/06\/LauspeeneDiocesano2021.jpg\"><img loading=\"lazy\" width=\"724\" height=\"1024\" src=\"http:\/\/paroquiagloria.org\/v2\/wp-content\/uploads\/2021\/06\/LauspeeneDiocesano2021-724x1024.jpg\" alt=\"\" class=\"wp-image-9484\" srcset=\"http:\/\/paroquiagloria.org\/v2\/wp-content\/uploads\/2021\/06\/LauspeeneDiocesano2021-724x1024.jpg 724w, http:\/\/paroquiagloria.org\/v2\/wp-content\/uploads\/2021\/06\/LauspeeneDiocesano2021-212x300.jpg 212w, http:\/\/paroquiagloria.org\/v2\/wp-content\/uploads\/2021\/06\/LauspeeneDiocesano2021-768x1086.jpg 768w, http:\/\/paroquiagloria.org\/v2\/wp-content\/uploads\/2021\/06\/LauspeeneDiocesano2021.jpg 1081w\" sizes=\"(max-width: 724px) 100vw, 724px\" \/><\/a><\/figure><\/div>\n\n\n\n<p><\/p>\n\n\n\n<p>Esta segunda-feira, dia 7, teremos Exposi\u00e7\u00e3o do Sant\u00edssimo Sacramento, integrado no Lausperene Diocesano. Inicia depois da Eucaristia das 8.30h at\u00e9 \u00e0s 18.30h com a ora\u00e7\u00e3o de v\u00e9speras. As inten\u00e7\u00f5es da ora\u00e7\u00e3o s\u00e3o os sacerdotes, as voca\u00e7\u00f5es, a fam\u00edlia e os jovens.<\/p>\n\n\n\n<p><\/p>\n","protected":false},"excerpt":{"rendered":"<p>Esta segunda-feira, dia 7, teremos Exposi\u00e7\u00e3o do Sant\u00edssimo Sacramento, integrado no Lausperene Diocesano. Inicia depois da Eucaristia das 8.30h at\u00e9 \u00e0s 18.30h com a ora\u00e7\u00e3o de v\u00e9speras. As inten\u00e7\u00f5es da ora\u00e7\u00e3o s\u00e3o os sacerdotes, as voca\u00e7\u00f5es, a fam\u00edlia e os jovens.<\/p>\n","protected":false},"author":1,"featured_media":9487,"comment_status":"open","ping_status":"closed","sticky":false,"template":"","format":"standard","meta":{"ngg_post_thumbnail":0},"categories":[1,4,2,6,23],"tags":[],"_links":{"self":[{"href":"http:\/\/paroquiagloria.org\/v2\/index.php?rest_route=\/wp\/v2\/posts\/9493"}],"collection":[{"href":"http:\/\/paroquiagloria.org\/v2\/index.php?rest_route=\/wp\/v2\/posts"}],"about":[{"href":"http:\/\/paroquiagloria.org\/v2\/index.php?rest_route=\/wp\/v2\/types\/post"}],"author":[{"embeddable":true,"href":"http:\/\/paroquiagloria.org\/v2\/index.php?rest_route=\/wp\/v2\/users\/1"}],"replies":[{"embeddable":true,"href":"http:\/\/paroquiagloria.org\/v2\/index.php?rest_route=%2Fwp%2Fv2%2Fcomments&post=9493"}],"version-history":[{"count":1,"href":"http:\/\/paroquiagloria.org\/v2\/index.php?rest_route=\/wp\/v2\/posts\/9493\/revisions"}],"predecessor-version":[{"id":9494,"href":"http:\/\/paroquiagloria.org\/v2\/index.php?rest_route=\/wp\/v2\/posts\/9493\/revisions\/9494"}],"wp:featuredmedia":[{"embeddable":true,"href":"http:\/\/paroquiagloria.org\/v2\/index.php?rest_route=\/wp\/v2\/media\/9487"}],"wp:attachment":[{"href":"http:\/\/paroquiagloria.org\/v2\/index.php?rest_route=%2Fwp%2Fv2%2Fmedia&parent=9493"}],"wp:term":[{"taxonomy":"category","embeddable":true,"href":"http:\/\/paroquiagloria.org\/v2\/index.php?rest_route=%2Fwp%2Fv2%2Fcategories&post=9493"},{"taxonomy":"post_tag","embeddable":true,"href":"http:\/\/paroquiagloria.org\/v2\/index.php?rest_route=%2Fwp%2Fv2%2Ftags&post=9493"}],"curies":[{"name":"wp","href":"https:\/\/api.w.org\/{rel}","templated":true}]}}