{"id":9491,"date":"2021-06-05T19:03:21","date_gmt":"2021-06-05T19:03:21","guid":{"rendered":"http:\/\/paroquiagloria.org\/v2\/?p=9491"},"modified":"2021-06-05T19:03:22","modified_gmt":"2021-06-05T19:03:22","slug":"jmj-jornada-mundial-da-juventude-lisboa-2023","status":"publish","type":"post","link":"http:\/\/paroquiagloria.org\/v2\/?p=9491","title":{"rendered":"JMJ &#8211; Jornada Mundial da Juventude, Lisboa 2023"},"content":{"rendered":"\n<div class=\"wp-block-image\"><figure class=\"aligncenter size-large\"><a href=\"http:\/\/paroquiagloria.org\/v2\/wp-content\/uploads\/2021\/06\/banner_JMJ_Aveiro.jpg\"><img loading=\"lazy\" width=\"960\" height=\"450\" src=\"http:\/\/paroquiagloria.org\/v2\/wp-content\/uploads\/2021\/06\/banner_JMJ_Aveiro.jpg\" alt=\"\" class=\"wp-image-9490\" srcset=\"http:\/\/paroquiagloria.org\/v2\/wp-content\/uploads\/2021\/06\/banner_JMJ_Aveiro.jpg 960w, http:\/\/paroquiagloria.org\/v2\/wp-content\/uploads\/2021\/06\/banner_JMJ_Aveiro-300x141.jpg 300w, http:\/\/paroquiagloria.org\/v2\/wp-content\/uploads\/2021\/06\/banner_JMJ_Aveiro-768x360.jpg 768w\" sizes=\"(max-width: 960px) 100vw, 960px\" \/><\/a><\/figure><\/div>\n\n\n\n<p>Na nossa Par\u00f3quia estamos a dar passos em direc\u00e7\u00e3o \u00e0 JMJ e j\u00e1 se v\u00e3o sentindo alguns destes preparativos: a catequese da adolesc\u00eancia e jovens est\u00e3o desde o ano passado com o projeto <em>Say Yes<\/em>, e j\u00e1 se apresentaram numa Eucaristia da comunidade. T\u00eam sido v\u00e1rias as atividades em que t\u00eam estado envolvidos a prop\u00f3sito deste projeto, e estamos agora a preparar o COP (Comit\u00e9 Organizador Paroquial), que \u00e9 uma equipa de jovens na nossa par\u00f3quia que tem o objetivo de fazer a prepara\u00e7\u00e3o e motivar para as JMJ, e que esperemos que seja apresentado em breve a toda a comunidade e que saiam ainda mais novidades em breve. Estejamos atentos!<\/p>\n\n\n\n<p><\/p>\n\n\n\n<h2><strong>Coro das JMJ<\/strong><\/h2>\n\n\n\n<div class=\"wp-block-image\"><figure class=\"aligncenter size-large\"><a href=\"http:\/\/paroquiagloria.org\/v2\/wp-content\/uploads\/2021\/06\/CoroJMJ2023.jpg\"><img loading=\"lazy\" width=\"1024\" height=\"794\" src=\"http:\/\/paroquiagloria.org\/v2\/wp-content\/uploads\/2021\/06\/CoroJMJ2023-1024x794.jpg\" alt=\"\" class=\"wp-image-9481\" srcset=\"http:\/\/paroquiagloria.org\/v2\/wp-content\/uploads\/2021\/06\/CoroJMJ2023-1024x794.jpg 1024w, http:\/\/paroquiagloria.org\/v2\/wp-content\/uploads\/2021\/06\/CoroJMJ2023-300x233.jpg 300w, http:\/\/paroquiagloria.org\/v2\/wp-content\/uploads\/2021\/06\/CoroJMJ2023-768x596.jpg 768w, http:\/\/paroquiagloria.org\/v2\/wp-content\/uploads\/2021\/06\/CoroJMJ2023-1536x1192.jpg 1536w, http:\/\/paroquiagloria.org\/v2\/wp-content\/uploads\/2021\/06\/CoroJMJ2023.jpg 2030w\" sizes=\"(max-width: 1024px) 100vw, 1024px\" \/><\/a><\/figure><\/div>\n\n\n\n<p>A n\u00edvel nacional sai mais um convite para os jovens entre os 15 e os 30 anos ligados \u00e0 \u00e1rea da m\u00fasica, para participarem no coro das JMJ. Quem estiver interessado, pode saber mais em <a rel=\"noreferrer noopener\" href=\"http:\/\/www.lisboa2023.org\" data-type=\"URL\" data-id=\"www.lisboa2023.org\" target=\"_blank\">lisboa2023.org<\/a><\/p>\n\n\n\n<p><\/p>\n\n\n\n<p class=\"has-vivid-green-cyan-background-color has-background\"><strong>PODES IR ACOMPANHANDO AS NOVIDADES DAS JMJ_2023 <a href=\"https:\/\/www.facebook.com\/CODAveiro.JMJ2023\/\" data-type=\"URL\" data-id=\"https:\/\/www.facebook.com\/CODAveiro.JMJ2023\/\" target=\"_blank\" rel=\"noreferrer noopener\">AQUI<\/a><\/strong><\/p>\n","protected":false},"excerpt":{"rendered":"<p>Na nossa Par\u00f3quia estamos a dar passos em direc\u00e7\u00e3o \u00e0 JMJ e j\u00e1 se v\u00e3o sentindo alguns destes preparativos: a catequese da adolesc\u00eancia e jovens est\u00e3o desde o ano passado com o projeto Say Yes, e j\u00e1 se apresentaram numa Eucaristia da comunidade. T\u00eam sido v\u00e1rias as atividades em que t\u00eam estado envolvidos a prop\u00f3sito [&hellip;]<\/p>\n","protected":false},"author":1,"featured_media":9490,"comment_status":"open","ping_status":"closed","sticky":false,"template":"","format":"standard","meta":{"ngg_post_thumbnail":0},"categories":[1,4,2,6,23],"tags":[],"_links":{"self":[{"href":"http:\/\/paroquiagloria.org\/v2\/index.php?rest_route=\/wp\/v2\/posts\/9491"}],"collection":[{"href":"http:\/\/paroquiagloria.org\/v2\/index.php?rest_route=\/wp\/v2\/posts"}],"about":[{"href":"http:\/\/paroquiagloria.org\/v2\/index.php?rest_route=\/wp\/v2\/types\/post"}],"author":[{"embeddable":true,"href":"http:\/\/paroquiagloria.org\/v2\/index.php?rest_route=\/wp\/v2\/users\/1"}],"replies":[{"embeddable":true,"href":"http:\/\/paroquiagloria.org\/v2\/index.php?rest_route=%2Fwp%2Fv2%2Fcomments&post=9491"}],"version-history":[{"count":1,"href":"http:\/\/paroquiagloria.org\/v2\/index.php?rest_route=\/wp\/v2\/posts\/9491\/revisions"}],"predecessor-version":[{"id":9492,"href":"http:\/\/paroquiagloria.org\/v2\/index.php?rest_route=\/wp\/v2\/posts\/9491\/revisions\/9492"}],"wp:featuredmedia":[{"embeddable":true,"href":"http:\/\/paroquiagloria.org\/v2\/index.php?rest_route=\/wp\/v2\/media\/9490"}],"wp:attachment":[{"href":"http:\/\/paroquiagloria.org\/v2\/index.php?rest_route=%2Fwp%2Fv2%2Fmedia&parent=9491"}],"wp:term":[{"taxonomy":"category","embeddable":true,"href":"http:\/\/paroquiagloria.org\/v2\/index.php?rest_route=%2Fwp%2Fv2%2Fcategories&post=9491"},{"taxonomy":"post_tag","embeddable":true,"href":"http:\/\/paroquiagloria.org\/v2\/index.php?rest_route=%2Fwp%2Fv2%2Ftags&post=9491"}],"curies":[{"name":"wp","href":"https:\/\/api.w.org\/{rel}","templated":true}]}}