{"id":9474,"date":"2021-05-29T18:34:03","date_gmt":"2021-05-29T18:34:03","guid":{"rendered":"http:\/\/paroquiagloria.org\/v2\/?p=9474"},"modified":"2021-05-29T18:34:04","modified_gmt":"2021-05-29T18:34:04","slug":"papa-lanca-plano-de-sete-anos-para-superar-crise-ecologica","status":"publish","type":"post","link":"http:\/\/paroquiagloria.org\/v2\/?p=9474","title":{"rendered":"Papa lan\u00e7a plano de sete anos para superar \u00abcrise ecol\u00f3gica\u00bb"},"content":{"rendered":"\n<div class=\"wp-block-image\"><figure class=\"aligncenter size-large\"><a href=\"http:\/\/paroquiagloria.org\/v2\/wp-content\/uploads\/2021\/05\/banner_PlataformaLaudatoSi.jpg\"><img loading=\"lazy\" width=\"960\" height=\"450\" src=\"http:\/\/paroquiagloria.org\/v2\/wp-content\/uploads\/2021\/05\/banner_PlataformaLaudatoSi.jpg\" alt=\"\" class=\"wp-image-9462\" srcset=\"http:\/\/paroquiagloria.org\/v2\/wp-content\/uploads\/2021\/05\/banner_PlataformaLaudatoSi.jpg 960w, http:\/\/paroquiagloria.org\/v2\/wp-content\/uploads\/2021\/05\/banner_PlataformaLaudatoSi-300x141.jpg 300w, http:\/\/paroquiagloria.org\/v2\/wp-content\/uploads\/2021\/05\/banner_PlataformaLaudatoSi-768x360.jpg 768w\" sizes=\"(max-width: 960px) 100vw, 960px\" \/><\/a><\/figure><\/div>\n\n\n\n<p>O Papa Francisco criou a <a href=\"https:\/\/plataformadeacaolaudatosi.org\/\" data-type=\"URL\" data-id=\"https:\/\/plataformadeacaolaudatosi.org\/\" target=\"_blank\" rel=\"noreferrer noopener\">Plataforma de A\u00e7\u00e3o \u2018Laudato Si\u2019 <\/a>que prop\u00f5e uma \u201cjornada\u201d de sete anos para que todas as comunidades cat\u00f3licas \u201cse tornem totalmente sustent\u00e1veis, no esp\u00edrito da ecologia integral\u201d.<br>O desafio foi lan\u00e7ado, em particular, a sete realidades: fam\u00edlias; par\u00f3quias e dioceses; escolas e universidades; hospitais; empresas e neg\u00f3cios agr\u00edcolas; organiza\u00e7\u00f5es, grupos e movimentos; institutos religiosos. O percurso \u00e9 inspirado pelos sete objetivos da \u2018Laudato Si\u2019: \u201ca resposta ao grito da Terra, a resposta ao clamor dos pobres, a economia ecol\u00f3gica, a ado\u00e7\u00e3o de um estilo de vida simples, a educa\u00e7\u00e3o ecol\u00f3gica, a espiritualidade ecol\u00f3gica e o compromisso comunit\u00e1rio\u201d.<\/p>\n","protected":false},"excerpt":{"rendered":"<p>O Papa Francisco criou a Plataforma de A\u00e7\u00e3o \u2018Laudato Si\u2019 que prop\u00f5e uma \u201cjornada\u201d de sete anos para que todas as comunidades cat\u00f3licas \u201cse tornem totalmente sustent\u00e1veis, no esp\u00edrito da ecologia integral\u201d.O desafio foi lan\u00e7ado, em particular, a sete realidades: fam\u00edlias; par\u00f3quias e dioceses; escolas e universidades; hospitais; empresas e neg\u00f3cios agr\u00edcolas; organiza\u00e7\u00f5es, grupos e [&hellip;]<\/p>\n","protected":false},"author":1,"featured_media":9462,"comment_status":"open","ping_status":"closed","sticky":false,"template":"","format":"standard","meta":{"ngg_post_thumbnail":0},"categories":[1,4,2,6,23],"tags":[],"_links":{"self":[{"href":"http:\/\/paroquiagloria.org\/v2\/index.php?rest_route=\/wp\/v2\/posts\/9474"}],"collection":[{"href":"http:\/\/paroquiagloria.org\/v2\/index.php?rest_route=\/wp\/v2\/posts"}],"about":[{"href":"http:\/\/paroquiagloria.org\/v2\/index.php?rest_route=\/wp\/v2\/types\/post"}],"author":[{"embeddable":true,"href":"http:\/\/paroquiagloria.org\/v2\/index.php?rest_route=\/wp\/v2\/users\/1"}],"replies":[{"embeddable":true,"href":"http:\/\/paroquiagloria.org\/v2\/index.php?rest_route=%2Fwp%2Fv2%2Fcomments&post=9474"}],"version-history":[{"count":1,"href":"http:\/\/paroquiagloria.org\/v2\/index.php?rest_route=\/wp\/v2\/posts\/9474\/revisions"}],"predecessor-version":[{"id":9475,"href":"http:\/\/paroquiagloria.org\/v2\/index.php?rest_route=\/wp\/v2\/posts\/9474\/revisions\/9475"}],"wp:featuredmedia":[{"embeddable":true,"href":"http:\/\/paroquiagloria.org\/v2\/index.php?rest_route=\/wp\/v2\/media\/9462"}],"wp:attachment":[{"href":"http:\/\/paroquiagloria.org\/v2\/index.php?rest_route=%2Fwp%2Fv2%2Fmedia&parent=9474"}],"wp:term":[{"taxonomy":"category","embeddable":true,"href":"http:\/\/paroquiagloria.org\/v2\/index.php?rest_route=%2Fwp%2Fv2%2Fcategories&post=9474"},{"taxonomy":"post_tag","embeddable":true,"href":"http:\/\/paroquiagloria.org\/v2\/index.php?rest_route=%2Fwp%2Fv2%2Ftags&post=9474"}],"curies":[{"name":"wp","href":"https:\/\/api.w.org\/{rel}","templated":true}]}}