{"id":9472,"date":"2021-05-29T18:32:39","date_gmt":"2021-05-29T18:32:39","guid":{"rendered":"http:\/\/paroquiagloria.org\/v2\/?p=9472"},"modified":"2021-05-29T18:32:40","modified_gmt":"2021-05-29T18:32:40","slug":"inscricao-emrc","status":"publish","type":"post","link":"http:\/\/paroquiagloria.org\/v2\/?p=9472","title":{"rendered":"Inscri\u00e7\u00e3o EMRC"},"content":{"rendered":"\n<figure class=\"wp-block-image size-large\"><a href=\"http:\/\/paroquiagloria.org\/v2\/wp-content\/uploads\/2018\/06\/banner_emrc.jpg\"><img loading=\"lazy\" width=\"960\" height=\"450\" src=\"http:\/\/paroquiagloria.org\/v2\/wp-content\/uploads\/2018\/06\/banner_emrc.jpg\" alt=\"\" class=\"wp-image-6696\" srcset=\"http:\/\/paroquiagloria.org\/v2\/wp-content\/uploads\/2018\/06\/banner_emrc.jpg 960w, http:\/\/paroquiagloria.org\/v2\/wp-content\/uploads\/2018\/06\/banner_emrc-300x141.jpg 300w\" sizes=\"(max-width: 960px) 100vw, 960px\" \/><\/a><\/figure>\n\n\n\n<p>A <strong>Educa\u00e7\u00e3o Moral e Religiosa Cat\u00f3lica<\/strong> \u00e9 parte integrante do sistema educativo, uma vez que o enquadramento moral e religioso da vida \u00e9 estruturante para o crescimento das crian\u00e7as e dos jovens. Assim, reconhecemos a mais valia que esta disciplina pode ter no desenvolvimento integral dos alunos e incentivamos \u00e0 inscri\u00e7\u00e3o para o pr\u00f3ximo ano letivo de 2021\/2022.<\/p>\n","protected":false},"excerpt":{"rendered":"<p>A Educa\u00e7\u00e3o Moral e Religiosa Cat\u00f3lica \u00e9 parte integrante do sistema educativo, uma vez que o enquadramento moral e religioso da vida \u00e9 estruturante para o crescimento das crian\u00e7as e dos jovens. Assim, reconhecemos a mais valia que esta disciplina pode ter no desenvolvimento integral dos alunos e incentivamos \u00e0 inscri\u00e7\u00e3o para o pr\u00f3ximo ano [&hellip;]<\/p>\n","protected":false},"author":1,"featured_media":6696,"comment_status":"open","ping_status":"closed","sticky":false,"template":"","format":"standard","meta":{"ngg_post_thumbnail":0},"categories":[1,4,2,6,23],"tags":[],"_links":{"self":[{"href":"http:\/\/paroquiagloria.org\/v2\/index.php?rest_route=\/wp\/v2\/posts\/9472"}],"collection":[{"href":"http:\/\/paroquiagloria.org\/v2\/index.php?rest_route=\/wp\/v2\/posts"}],"about":[{"href":"http:\/\/paroquiagloria.org\/v2\/index.php?rest_route=\/wp\/v2\/types\/post"}],"author":[{"embeddable":true,"href":"http:\/\/paroquiagloria.org\/v2\/index.php?rest_route=\/wp\/v2\/users\/1"}],"replies":[{"embeddable":true,"href":"http:\/\/paroquiagloria.org\/v2\/index.php?rest_route=%2Fwp%2Fv2%2Fcomments&post=9472"}],"version-history":[{"count":1,"href":"http:\/\/paroquiagloria.org\/v2\/index.php?rest_route=\/wp\/v2\/posts\/9472\/revisions"}],"predecessor-version":[{"id":9473,"href":"http:\/\/paroquiagloria.org\/v2\/index.php?rest_route=\/wp\/v2\/posts\/9472\/revisions\/9473"}],"wp:featuredmedia":[{"embeddable":true,"href":"http:\/\/paroquiagloria.org\/v2\/index.php?rest_route=\/wp\/v2\/media\/6696"}],"wp:attachment":[{"href":"http:\/\/paroquiagloria.org\/v2\/index.php?rest_route=%2Fwp%2Fv2%2Fmedia&parent=9472"}],"wp:term":[{"taxonomy":"category","embeddable":true,"href":"http:\/\/paroquiagloria.org\/v2\/index.php?rest_route=%2Fwp%2Fv2%2Fcategories&post=9472"},{"taxonomy":"post_tag","embeddable":true,"href":"http:\/\/paroquiagloria.org\/v2\/index.php?rest_route=%2Fwp%2Fv2%2Ftags&post=9472"}],"curies":[{"name":"wp","href":"https:\/\/api.w.org\/{rel}","templated":true}]}}