{"id":9469,"date":"2021-05-29T18:31:20","date_gmt":"2021-05-29T18:31:20","guid":{"rendered":"http:\/\/paroquiagloria.org\/v2\/?p=9469"},"modified":"2021-05-29T18:31:20","modified_gmt":"2021-05-29T18:31:20","slug":"lausperene-diocesano-3","status":"publish","type":"post","link":"http:\/\/paroquiagloria.org\/v2\/?p=9469","title":{"rendered":"Lausperene Diocesano"},"content":{"rendered":"\n<div class=\"wp-block-image\"><figure class=\"aligncenter size-large\"><a href=\"http:\/\/paroquiagloria.org\/v2\/wp-content\/uploads\/2018\/05\/lausperene_banner.jpg\"><img loading=\"lazy\" width=\"960\" height=\"340\" src=\"http:\/\/paroquiagloria.org\/v2\/wp-content\/uploads\/2018\/05\/lausperene_banner.jpg\" alt=\"\" class=\"wp-image-6631\" srcset=\"http:\/\/paroquiagloria.org\/v2\/wp-content\/uploads\/2018\/05\/lausperene_banner.jpg 960w, http:\/\/paroquiagloria.org\/v2\/wp-content\/uploads\/2018\/05\/lausperene_banner-300x106.jpg 300w\" sizes=\"(max-width: 960px) 100vw, 960px\" \/><\/a><\/figure><\/div>\n\n\n\n<p>Prop\u00f5e a nossa Diocese que aconte\u00e7a um Lausperene Diocesano entre a <strong>Solenidade do Corpo de Deus e do Sagrado Cora\u00e7\u00e3o de Jesus<\/strong>. A nossa par\u00f3quia reza em especial <strong>dia 7 de Junho, com a Exposi\u00e7\u00e3o do Sant\u00edssimo Sacramento depois da Eucaristia das 8.30h at\u00e9 \u00e0s 18.30h<\/strong>. Rezaremos pelas seguintes inten\u00e7\u00f5es: a renova\u00e7\u00e3o espiritual e pastoral das nossas comunidades, pedir a Deus as necess\u00e1rias voca\u00e7\u00f5es de consagra\u00e7\u00e3o e pelos sacerdotes e pela santifica\u00e7\u00e3o da Igreja.<\/p>\n","protected":false},"excerpt":{"rendered":"<p>Prop\u00f5e a nossa Diocese que aconte\u00e7a um Lausperene Diocesano entre a Solenidade do Corpo de Deus e do Sagrado Cora\u00e7\u00e3o de Jesus. A nossa par\u00f3quia reza em especial dia 7 de Junho, com a Exposi\u00e7\u00e3o do Sant\u00edssimo Sacramento depois da Eucaristia das 8.30h at\u00e9 \u00e0s 18.30h. Rezaremos pelas seguintes inten\u00e7\u00f5es: a renova\u00e7\u00e3o espiritual e pastoral [&hellip;]<\/p>\n","protected":false},"author":1,"featured_media":9470,"comment_status":"open","ping_status":"closed","sticky":false,"template":"","format":"standard","meta":{"ngg_post_thumbnail":0},"categories":[1,4,2,6,23],"tags":[],"_links":{"self":[{"href":"http:\/\/paroquiagloria.org\/v2\/index.php?rest_route=\/wp\/v2\/posts\/9469"}],"collection":[{"href":"http:\/\/paroquiagloria.org\/v2\/index.php?rest_route=\/wp\/v2\/posts"}],"about":[{"href":"http:\/\/paroquiagloria.org\/v2\/index.php?rest_route=\/wp\/v2\/types\/post"}],"author":[{"embeddable":true,"href":"http:\/\/paroquiagloria.org\/v2\/index.php?rest_route=\/wp\/v2\/users\/1"}],"replies":[{"embeddable":true,"href":"http:\/\/paroquiagloria.org\/v2\/index.php?rest_route=%2Fwp%2Fv2%2Fcomments&post=9469"}],"version-history":[{"count":1,"href":"http:\/\/paroquiagloria.org\/v2\/index.php?rest_route=\/wp\/v2\/posts\/9469\/revisions"}],"predecessor-version":[{"id":9471,"href":"http:\/\/paroquiagloria.org\/v2\/index.php?rest_route=\/wp\/v2\/posts\/9469\/revisions\/9471"}],"wp:featuredmedia":[{"embeddable":true,"href":"http:\/\/paroquiagloria.org\/v2\/index.php?rest_route=\/wp\/v2\/media\/9470"}],"wp:attachment":[{"href":"http:\/\/paroquiagloria.org\/v2\/index.php?rest_route=%2Fwp%2Fv2%2Fmedia&parent=9469"}],"wp:term":[{"taxonomy":"category","embeddable":true,"href":"http:\/\/paroquiagloria.org\/v2\/index.php?rest_route=%2Fwp%2Fv2%2Fcategories&post=9469"},{"taxonomy":"post_tag","embeddable":true,"href":"http:\/\/paroquiagloria.org\/v2\/index.php?rest_route=%2Fwp%2Fv2%2Ftags&post=9469"}],"curies":[{"name":"wp","href":"https:\/\/api.w.org\/{rel}","templated":true}]}}