{"id":9467,"date":"2021-05-29T18:28:38","date_gmt":"2021-05-29T18:28:38","guid":{"rendered":"http:\/\/paroquiagloria.org\/v2\/?p=9467"},"modified":"2021-05-29T18:28:39","modified_gmt":"2021-05-29T18:28:39","slug":"familias-em-missao","status":"publish","type":"post","link":"http:\/\/paroquiagloria.org\/v2\/?p=9467","title":{"rendered":"\u00abFam\u00edlias em Miss\u00e3o\u00bb"},"content":{"rendered":"\n<div class=\"wp-block-image\"><figure class=\"aligncenter size-large\"><a href=\"http:\/\/paroquiagloria.org\/v2\/wp-content\/uploads\/2021\/05\/sdam-conferencia-familiasemmissao_Aveiro.jpg\"><img loading=\"lazy\" width=\"940\" height=\"788\" src=\"http:\/\/paroquiagloria.org\/v2\/wp-content\/uploads\/2021\/05\/sdam-conferencia-familiasemmissao_Aveiro.jpg\" alt=\"\" class=\"wp-image-9459\" srcset=\"http:\/\/paroquiagloria.org\/v2\/wp-content\/uploads\/2021\/05\/sdam-conferencia-familiasemmissao_Aveiro.jpg 940w, http:\/\/paroquiagloria.org\/v2\/wp-content\/uploads\/2021\/05\/sdam-conferencia-familiasemmissao_Aveiro-300x251.jpg 300w, http:\/\/paroquiagloria.org\/v2\/wp-content\/uploads\/2021\/05\/sdam-conferencia-familiasemmissao_Aveiro-768x644.jpg 768w\" sizes=\"(max-width: 940px) 100vw, 940px\" \/><\/a><\/figure><\/div>\n\n\n\n<p>O Servi\u00e7o Diocesano de Anima\u00e7\u00e3o Mission\u00e1ria de Aveiro (SDAM) promoveu a Confer\u00eancia \u2018Fam\u00edlias em Miss\u00e3o\u2019, que decorreu no passado dia 29, no audit\u00f3rio da Junta de Freguesia de Santa Joana \u2013 Aveiro.<br>Ouviram-se testemunhos de diferentes formas de viver a miss\u00e3o em Fam\u00edlia, mas todos unidos pelo ideal mission\u00e1rio que come\u00e7a em casa e que se prolonga pelos caminhos do mundo.<br>A Confer\u00eancia \u2018Fam\u00edlias em Miss\u00e3o\u2019 realizou-se num modo de \u201cpartilha e conversa\u201d sobre diferentes experi\u00eancias de miss\u00e3o enquanto fam\u00edlia, nomeadamente quem fez experi\u00eancia ad gentes, quem acompanhou o voluntariado mission\u00e1rio de um filho e uma fam\u00edlia da Inf\u00e2ncia Mission\u00e1ria.<br><\/p>\n\n\n\n<p>fonte: <a href=\"https:\/\/agencia.ecclesia.pt\/portal\/evento\/aveiro-servico-de-animacao-missionaria-promove-conferencia-familias-em-missao\/\" data-type=\"URL\" data-id=\"https:\/\/agencia.ecclesia.pt\/portal\/evento\/aveiro-servico-de-animacao-missionaria-promove-conferencia-familias-em-missao\/\">E<\/a><a href=\"https:\/\/agencia.ecclesia.pt\/portal\/evento\/aveiro-servico-de-animacao-missionaria-promove-conferencia-familias-em-missao\/\" data-type=\"URL\" data-id=\"https:\/\/agencia.ecclesia.pt\/portal\/evento\/aveiro-servico-de-animacao-missionaria-promove-conferencia-familias-em-missao\/\" target=\"_blank\" rel=\"noreferrer noopener\">CCLESIA<\/a><\/p>\n","protected":false},"excerpt":{"rendered":"<p>O Servi\u00e7o Diocesano de Anima\u00e7\u00e3o Mission\u00e1ria de Aveiro (SDAM) promoveu a Confer\u00eancia \u2018Fam\u00edlias em Miss\u00e3o\u2019, que decorreu no passado dia 29, no audit\u00f3rio da Junta de Freguesia de Santa Joana \u2013 Aveiro.Ouviram-se testemunhos de diferentes formas de viver a miss\u00e3o em Fam\u00edlia, mas todos unidos pelo ideal mission\u00e1rio que come\u00e7a em casa e que se [&hellip;]<\/p>\n","protected":false},"author":1,"featured_media":9458,"comment_status":"open","ping_status":"closed","sticky":false,"template":"","format":"standard","meta":{"ngg_post_thumbnail":0},"categories":[1,4,2,6],"tags":[],"_links":{"self":[{"href":"http:\/\/paroquiagloria.org\/v2\/index.php?rest_route=\/wp\/v2\/posts\/9467"}],"collection":[{"href":"http:\/\/paroquiagloria.org\/v2\/index.php?rest_route=\/wp\/v2\/posts"}],"about":[{"href":"http:\/\/paroquiagloria.org\/v2\/index.php?rest_route=\/wp\/v2\/types\/post"}],"author":[{"embeddable":true,"href":"http:\/\/paroquiagloria.org\/v2\/index.php?rest_route=\/wp\/v2\/users\/1"}],"replies":[{"embeddable":true,"href":"http:\/\/paroquiagloria.org\/v2\/index.php?rest_route=%2Fwp%2Fv2%2Fcomments&post=9467"}],"version-history":[{"count":1,"href":"http:\/\/paroquiagloria.org\/v2\/index.php?rest_route=\/wp\/v2\/posts\/9467\/revisions"}],"predecessor-version":[{"id":9468,"href":"http:\/\/paroquiagloria.org\/v2\/index.php?rest_route=\/wp\/v2\/posts\/9467\/revisions\/9468"}],"wp:featuredmedia":[{"embeddable":true,"href":"http:\/\/paroquiagloria.org\/v2\/index.php?rest_route=\/wp\/v2\/media\/9458"}],"wp:attachment":[{"href":"http:\/\/paroquiagloria.org\/v2\/index.php?rest_route=%2Fwp%2Fv2%2Fmedia&parent=9467"}],"wp:term":[{"taxonomy":"category","embeddable":true,"href":"http:\/\/paroquiagloria.org\/v2\/index.php?rest_route=%2Fwp%2Fv2%2Fcategories&post=9467"},{"taxonomy":"post_tag","embeddable":true,"href":"http:\/\/paroquiagloria.org\/v2\/index.php?rest_route=%2Fwp%2Fv2%2Ftags&post=9467"}],"curies":[{"name":"wp","href":"https:\/\/api.w.org\/{rel}","templated":true}]}}