{"id":9450,"date":"2021-05-22T17:37:51","date_gmt":"2021-05-22T17:37:51","guid":{"rendered":"http:\/\/paroquiagloria.org\/v2\/?p=9450"},"modified":"2021-05-22T17:37:53","modified_gmt":"2021-05-22T17:37:53","slug":"sinodo-dos-bispos-2023","status":"publish","type":"post","link":"http:\/\/paroquiagloria.org\/v2\/?p=9450","title":{"rendered":"S\u00ednodo dos Bispos 2023"},"content":{"rendered":"\n<h2>Com o tema: \u201cPor uma Igreja sinodal: comunh\u00e3o, participa\u00e7\u00e3o e miss\u00e3o\u201d.<\/h2>\n\n\n\n<div class=\"wp-block-image\"><figure class=\"aligncenter size-large\"><a href=\"http:\/\/paroquiagloria.org\/v2\/wp-content\/uploads\/2021\/05\/Sinodo_Bispos.jpg\"><img loading=\"lazy\" width=\"768\" height=\"432\" src=\"http:\/\/paroquiagloria.org\/v2\/wp-content\/uploads\/2021\/05\/Sinodo_Bispos.jpg\" alt=\"\" class=\"wp-image-9438\" srcset=\"http:\/\/paroquiagloria.org\/v2\/wp-content\/uploads\/2021\/05\/Sinodo_Bispos.jpg 768w, http:\/\/paroquiagloria.org\/v2\/wp-content\/uploads\/2021\/05\/Sinodo_Bispos-300x169.jpg 300w\" sizes=\"(max-width: 768px) 100vw, 768px\" \/><\/a><\/figure><\/div>\n\n\n\n<p>\u201cO percurso para a celebra\u00e7\u00e3o do S\u00ednodo ser\u00e1 dividido em tr\u00eas fases, entre outubro de 2021 e outubro de 2023, passando por uma fase diocesana e outra continental, que dar\u00e1 vida a dois instrumentos de trabalho diferentes, distintos, antes da fase definitiva, ao n\u00edvel da Igreja universal\u201d, uma nota do S\u00ednodo dos Bispos.<br>Esta \u00e9 \u201cmodalidade in\u00e9dita\u201d de prepara\u00e7\u00e3o deste encontro mundial, que visa possibilitar \u201ca escuta real do Povo de Deus e garantir a participa\u00e7\u00e3o de todos no processo sinodal\u201d.<\/p>\n\n\n\n<p>fonte: <a rel=\"noreferrer noopener\" href=\"https:\/\/agencia.ecclesia.pt\/portal\/sinodo-2023-vaticano-lanca-processo-inedito-de-consulta-com-assembleias-diocesanas-e-continentais\/\" data-type=\"URL\" data-id=\"https:\/\/agencia.ecclesia.pt\/portal\/sinodo-2023-vaticano-lanca-processo-inedito-de-consulta-com-assembleias-diocesanas-e-continentais\/\" target=\"_blank\">Ecclesia <\/a>e <a rel=\"noreferrer noopener\" href=\"https:\/\/www.vaticannews.va\/pt\/vaticano\/news\/2021-05\/sinodo-bispos-caminho-sinodal-inicio-a-partir-das-igrejas-locais.html\" data-type=\"URL\" data-id=\"https:\/\/www.vaticannews.va\/pt\/vaticano\/news\/2021-05\/sinodo-bispos-caminho-sinodal-inicio-a-partir-das-igrejas-locais.html\" target=\"_blank\">VaticanNews<\/a><\/p>\n\n\n\n<div class=\"wp-block-image\"><figure class=\"aligncenter size-large\"><a href=\"http:\/\/paroquiagloria.org\/v2\/wp-content\/uploads\/2021\/05\/transferir.png\"><img loading=\"lazy\" width=\"225\" height=\"225\" src=\"http:\/\/paroquiagloria.org\/v2\/wp-content\/uploads\/2021\/05\/transferir.png\" alt=\"\" class=\"wp-image-9439\" srcset=\"http:\/\/paroquiagloria.org\/v2\/wp-content\/uploads\/2021\/05\/transferir.png 225w, http:\/\/paroquiagloria.org\/v2\/wp-content\/uploads\/2021\/05\/transferir-150x150.png 150w, http:\/\/paroquiagloria.org\/v2\/wp-content\/uploads\/2021\/05\/transferir-185x185.png 185w, http:\/\/paroquiagloria.org\/v2\/wp-content\/uploads\/2021\/05\/transferir-184x184.png 184w\" sizes=\"(max-width: 225px) 100vw, 225px\" \/><\/a><\/figure><\/div>\n\n\n\n<div class=\"wp-block-image\"><figure class=\"aligncenter size-large\"><a href=\"http:\/\/paroquiagloria.org\/v2\/wp-content\/uploads\/2021\/05\/sinodo2023.jpg\"><img loading=\"lazy\" width=\"1024\" height=\"683\" src=\"http:\/\/paroquiagloria.org\/v2\/wp-content\/uploads\/2021\/05\/sinodo2023-1024x683.jpg\" alt=\"\" class=\"wp-image-9440\" srcset=\"http:\/\/paroquiagloria.org\/v2\/wp-content\/uploads\/2021\/05\/sinodo2023-1024x683.jpg 1024w, http:\/\/paroquiagloria.org\/v2\/wp-content\/uploads\/2021\/05\/sinodo2023-300x200.jpg 300w, http:\/\/paroquiagloria.org\/v2\/wp-content\/uploads\/2021\/05\/sinodo2023-768x512.jpg 768w, http:\/\/paroquiagloria.org\/v2\/wp-content\/uploads\/2021\/05\/sinodo2023-1536x1024.jpg 1536w, http:\/\/paroquiagloria.org\/v2\/wp-content\/uploads\/2021\/05\/sinodo2023-140x94.jpg 140w, http:\/\/paroquiagloria.org\/v2\/wp-content\/uploads\/2021\/05\/sinodo2023.jpg 1920w\" sizes=\"(max-width: 1024px) 100vw, 1024px\" \/><\/a><\/figure><\/div>\n","protected":false},"excerpt":{"rendered":"<p>Com o tema: \u201cPor uma Igreja sinodal: comunh\u00e3o, participa\u00e7\u00e3o e miss\u00e3o\u201d. \u201cO percurso para a celebra\u00e7\u00e3o do S\u00ednodo ser\u00e1 dividido em tr\u00eas fases, entre outubro de 2021 e outubro de 2023, passando por uma fase diocesana e outra continental, que dar\u00e1 vida a dois instrumentos de trabalho diferentes, distintos, antes da fase definitiva, ao n\u00edvel [&hellip;]<\/p>\n","protected":false},"author":1,"featured_media":9433,"comment_status":"open","ping_status":"closed","sticky":false,"template":"","format":"standard","meta":{"ngg_post_thumbnail":0},"categories":[1,4,2,6,23],"tags":[],"_links":{"self":[{"href":"http:\/\/paroquiagloria.org\/v2\/index.php?rest_route=\/wp\/v2\/posts\/9450"}],"collection":[{"href":"http:\/\/paroquiagloria.org\/v2\/index.php?rest_route=\/wp\/v2\/posts"}],"about":[{"href":"http:\/\/paroquiagloria.org\/v2\/index.php?rest_route=\/wp\/v2\/types\/post"}],"author":[{"embeddable":true,"href":"http:\/\/paroquiagloria.org\/v2\/index.php?rest_route=\/wp\/v2\/users\/1"}],"replies":[{"embeddable":true,"href":"http:\/\/paroquiagloria.org\/v2\/index.php?rest_route=%2Fwp%2Fv2%2Fcomments&post=9450"}],"version-history":[{"count":1,"href":"http:\/\/paroquiagloria.org\/v2\/index.php?rest_route=\/wp\/v2\/posts\/9450\/revisions"}],"predecessor-version":[{"id":9451,"href":"http:\/\/paroquiagloria.org\/v2\/index.php?rest_route=\/wp\/v2\/posts\/9450\/revisions\/9451"}],"wp:featuredmedia":[{"embeddable":true,"href":"http:\/\/paroquiagloria.org\/v2\/index.php?rest_route=\/wp\/v2\/media\/9433"}],"wp:attachment":[{"href":"http:\/\/paroquiagloria.org\/v2\/index.php?rest_route=%2Fwp%2Fv2%2Fmedia&parent=9450"}],"wp:term":[{"taxonomy":"category","embeddable":true,"href":"http:\/\/paroquiagloria.org\/v2\/index.php?rest_route=%2Fwp%2Fv2%2Fcategories&post=9450"},{"taxonomy":"post_tag","embeddable":true,"href":"http:\/\/paroquiagloria.org\/v2\/index.php?rest_route=%2Fwp%2Fv2%2Ftags&post=9450"}],"curies":[{"name":"wp","href":"https:\/\/api.w.org\/{rel}","templated":true}]}}