{"id":9448,"date":"2021-05-22T17:35:04","date_gmt":"2021-05-22T17:35:04","guid":{"rendered":"http:\/\/paroquiagloria.org\/v2\/?p=9448"},"modified":"2021-05-22T17:35:06","modified_gmt":"2021-05-22T17:35:06","slug":"laudato-si","status":"publish","type":"post","link":"http:\/\/paroquiagloria.org\/v2\/?p=9448","title":{"rendered":"\u00abLaudato Si\u00bb"},"content":{"rendered":"\n<div class=\"wp-block-image\"><figure class=\"aligncenter size-large\"><a href=\"http:\/\/paroquiagloria.org\/v2\/wp-content\/uploads\/2021\/05\/Francisco_UrsulaUE.jpg\"><img loading=\"lazy\" width=\"870\" height=\"638\" src=\"http:\/\/paroquiagloria.org\/v2\/wp-content\/uploads\/2021\/05\/Francisco_UrsulaUE.jpg\" alt=\"\" class=\"wp-image-9435\" srcset=\"http:\/\/paroquiagloria.org\/v2\/wp-content\/uploads\/2021\/05\/Francisco_UrsulaUE.jpg 870w, http:\/\/paroquiagloria.org\/v2\/wp-content\/uploads\/2021\/05\/Francisco_UrsulaUE-300x220.jpg 300w, http:\/\/paroquiagloria.org\/v2\/wp-content\/uploads\/2021\/05\/Francisco_UrsulaUE-768x563.jpg 768w\" sizes=\"(max-width: 870px) 100vw, 870px\" \/><\/a><\/figure><\/div>\n\n\n\n<p>O Papa recebeu em audi\u00eancia, no Vaticano, a presidente da Comiss\u00e3o Europeia, Ursula Von Der Leyen, que se reuniu ainda com os respons\u00e1veis pela diplomacia da Santa S\u00e9.<br>Em entrevista ao portal \u2018Vatican News\u2019, a presidente da Comiss\u00e3o Europeia mostrou-se \u201cverdadeiramente grata\u201d pela enc\u00edclica \u2018Laudato Si\u2019, que o Papa publicou em 2015, e pelo \u201cimpulso positivo que deu, no apelo global para proteger o planeta, a natureza e o clima\u201d.<br>A respons\u00e1vel destacou a import\u00e2ncia do Pacto Ecol\u00f3gico Europeu, que procura a neutralidade clim\u00e1tica at\u00e9 2050 e reduzir as emiss\u00f5es de gases com efeito de estufa at\u00e9 2030.<br>\u201c\u00c9 por isso que acredito que a Laudato Si\u2019 foi realmente um alerta que nos despertou\u201d, acrescentou.<br>A presidente da Comiss\u00e3o Europeia destacou os valores partilhados com o Vaticano, no \u201ccompromisso pela paz, a solidariedade, a dignidade da pessoa\u201d e \u201cglobaliza\u00e7\u00e3o da solidariedade\u201d.<br>A respons\u00e1vel elogiou ainda a \u201cfor\u00e7a unificadora da religi\u00e3o\u201d em tempos de \u201cpolariza\u00e7\u00e3o, populismo, nacionalismo\u201d.<br><\/p>\n\n\n\n<p>fonte: <a href=\"https:\/\/agencia.ecclesia.pt\/portal\/vaticano-papa-recebeu-presidente-da-comissao-europeia\/\" data-type=\"URL\" data-id=\"https:\/\/agencia.ecclesia.pt\/portal\/vaticano-papa-recebeu-presidente-da-comissao-europeia\/\" target=\"_blank\" rel=\"noreferrer noopener\">Ecclesia<\/a><\/p>\n","protected":false},"excerpt":{"rendered":"<p>O Papa recebeu em audi\u00eancia, no Vaticano, a presidente da Comiss\u00e3o Europeia, Ursula Von Der Leyen, que se reuniu ainda com os respons\u00e1veis pela diplomacia da Santa S\u00e9.Em entrevista ao portal \u2018Vatican News\u2019, a presidente da Comiss\u00e3o Europeia mostrou-se \u201cverdadeiramente grata\u201d pela enc\u00edclica \u2018Laudato Si\u2019, que o Papa publicou em 2015, e pelo \u201cimpulso positivo [&hellip;]<\/p>\n","protected":false},"author":1,"featured_media":9434,"comment_status":"open","ping_status":"closed","sticky":false,"template":"","format":"standard","meta":{"ngg_post_thumbnail":0},"categories":[1,4,2,6],"tags":[],"_links":{"self":[{"href":"http:\/\/paroquiagloria.org\/v2\/index.php?rest_route=\/wp\/v2\/posts\/9448"}],"collection":[{"href":"http:\/\/paroquiagloria.org\/v2\/index.php?rest_route=\/wp\/v2\/posts"}],"about":[{"href":"http:\/\/paroquiagloria.org\/v2\/index.php?rest_route=\/wp\/v2\/types\/post"}],"author":[{"embeddable":true,"href":"http:\/\/paroquiagloria.org\/v2\/index.php?rest_route=\/wp\/v2\/users\/1"}],"replies":[{"embeddable":true,"href":"http:\/\/paroquiagloria.org\/v2\/index.php?rest_route=%2Fwp%2Fv2%2Fcomments&post=9448"}],"version-history":[{"count":1,"href":"http:\/\/paroquiagloria.org\/v2\/index.php?rest_route=\/wp\/v2\/posts\/9448\/revisions"}],"predecessor-version":[{"id":9449,"href":"http:\/\/paroquiagloria.org\/v2\/index.php?rest_route=\/wp\/v2\/posts\/9448\/revisions\/9449"}],"wp:featuredmedia":[{"embeddable":true,"href":"http:\/\/paroquiagloria.org\/v2\/index.php?rest_route=\/wp\/v2\/media\/9434"}],"wp:attachment":[{"href":"http:\/\/paroquiagloria.org\/v2\/index.php?rest_route=%2Fwp%2Fv2%2Fmedia&parent=9448"}],"wp:term":[{"taxonomy":"category","embeddable":true,"href":"http:\/\/paroquiagloria.org\/v2\/index.php?rest_route=%2Fwp%2Fv2%2Fcategories&post=9448"},{"taxonomy":"post_tag","embeddable":true,"href":"http:\/\/paroquiagloria.org\/v2\/index.php?rest_route=%2Fwp%2Fv2%2Ftags&post=9448"}],"curies":[{"name":"wp","href":"https:\/\/api.w.org\/{rel}","templated":true}]}}