{"id":9446,"date":"2021-05-22T17:32:18","date_gmt":"2021-05-22T17:32:18","guid":{"rendered":"http:\/\/paroquiagloria.org\/v2\/?p=9446"},"modified":"2021-05-22T17:32:20","modified_gmt":"2021-05-22T17:32:20","slug":"jmj-2023","status":"publish","type":"post","link":"http:\/\/paroquiagloria.org\/v2\/?p=9446","title":{"rendered":"JMJ 2023"},"content":{"rendered":"\n<h2>Papa recebeu logo e ter\u00e7o da edi\u00e7\u00e3o internacional de Lisboa<\/h2>\n\n\n\n<div class=\"wp-block-image\"><figure class=\"aligncenter size-large\"><a href=\"http:\/\/paroquiagloria.org\/v2\/wp-content\/uploads\/2021\/04\/Tercos-JMJ.jpeg\"><img loading=\"lazy\" width=\"1000\" height=\"667\" src=\"http:\/\/paroquiagloria.org\/v2\/wp-content\/uploads\/2021\/04\/Tercos-JMJ.jpeg\" alt=\"\" class=\"wp-image-9291\" srcset=\"http:\/\/paroquiagloria.org\/v2\/wp-content\/uploads\/2021\/04\/Tercos-JMJ.jpeg 1000w, http:\/\/paroquiagloria.org\/v2\/wp-content\/uploads\/2021\/04\/Tercos-JMJ-300x200.jpeg 300w, http:\/\/paroquiagloria.org\/v2\/wp-content\/uploads\/2021\/04\/Tercos-JMJ-768x512.jpeg 768w, http:\/\/paroquiagloria.org\/v2\/wp-content\/uploads\/2021\/04\/Tercos-JMJ-140x94.jpeg 140w\" sizes=\"(max-width: 1000px) 100vw, 1000px\" \/><\/a><figcaption>Fotografias dos ter\u00e7os da JMJ Lisboa 2023.\nLisboa, 31 de Mar\u00e7o de 2021.\nFILIPE AMORIM<\/figcaption><\/figure><\/div>\n\n\n\n<p>O Papa recebeu esta quinta-feira, dia 20 de maio, o logotipo e o ter\u00e7o da edi\u00e7\u00e3o da Jornada Mundial da Juventude (JMJ) que vai decorrer em Lisboa, no ver\u00e3o de 2023.<br>O logotipo em madeira \u00e9 semelhante aos que foram enviados para cada um dos 21 Comit\u00e9s Organizadores Diocesanos da JMJ, que correspondem \u00e0s 21 dioceses de Portugal\u201d, indica a p\u00e1gina da JMJ.<br>O logo da JMJ 2023, inspirado no tema \u2018Maria levantou-se e partiu apressadamente\u2019 (Lc 1, 39), proposto pelo Papa, tem como elementos centrais a Cruz, atravessada por um caminho onde surge o Esp\u00edrito Santo, e a figura da Virgem, acompanhada pela refer\u00eancia \u00e0 ora\u00e7\u00e3o do Ros\u00e1rio.<\/p>\n\n\n\n<p><\/p>\n\n\n\n<p>fonte: <a href=\"https:\/\/www.lisboa2023.org\/pt\/artigo\/papa-francisco-recebeu-logo-e-terco-da-jmj-lisboa-2023\" data-type=\"URL\" data-id=\"https:\/\/www.lisboa2023.org\/pt\/artigo\/papa-francisco-recebeu-logo-e-terco-da-jmj-lisboa-2023\" target=\"_blank\" rel=\"noreferrer noopener\">JMJ_Lisboa2023<\/a><\/p>\n","protected":false},"excerpt":{"rendered":"<p>Papa recebeu logo e ter\u00e7o da edi\u00e7\u00e3o internacional de Lisboa O Papa recebeu esta quinta-feira, dia 20 de maio, o logotipo e o ter\u00e7o da edi\u00e7\u00e3o da Jornada Mundial da Juventude (JMJ) que vai decorrer em Lisboa, no ver\u00e3o de 2023.O logotipo em madeira \u00e9 semelhante aos que foram enviados para cada um dos 21 [&hellip;]<\/p>\n","protected":false},"author":1,"featured_media":9301,"comment_status":"open","ping_status":"closed","sticky":false,"template":"","format":"standard","meta":{"ngg_post_thumbnail":0},"categories":[1,4,2,6,23],"tags":[],"_links":{"self":[{"href":"http:\/\/paroquiagloria.org\/v2\/index.php?rest_route=\/wp\/v2\/posts\/9446"}],"collection":[{"href":"http:\/\/paroquiagloria.org\/v2\/index.php?rest_route=\/wp\/v2\/posts"}],"about":[{"href":"http:\/\/paroquiagloria.org\/v2\/index.php?rest_route=\/wp\/v2\/types\/post"}],"author":[{"embeddable":true,"href":"http:\/\/paroquiagloria.org\/v2\/index.php?rest_route=\/wp\/v2\/users\/1"}],"replies":[{"embeddable":true,"href":"http:\/\/paroquiagloria.org\/v2\/index.php?rest_route=%2Fwp%2Fv2%2Fcomments&post=9446"}],"version-history":[{"count":1,"href":"http:\/\/paroquiagloria.org\/v2\/index.php?rest_route=\/wp\/v2\/posts\/9446\/revisions"}],"predecessor-version":[{"id":9447,"href":"http:\/\/paroquiagloria.org\/v2\/index.php?rest_route=\/wp\/v2\/posts\/9446\/revisions\/9447"}],"wp:featuredmedia":[{"embeddable":true,"href":"http:\/\/paroquiagloria.org\/v2\/index.php?rest_route=\/wp\/v2\/media\/9301"}],"wp:attachment":[{"href":"http:\/\/paroquiagloria.org\/v2\/index.php?rest_route=%2Fwp%2Fv2%2Fmedia&parent=9446"}],"wp:term":[{"taxonomy":"category","embeddable":true,"href":"http:\/\/paroquiagloria.org\/v2\/index.php?rest_route=%2Fwp%2Fv2%2Fcategories&post=9446"},{"taxonomy":"post_tag","embeddable":true,"href":"http:\/\/paroquiagloria.org\/v2\/index.php?rest_route=%2Fwp%2Fv2%2Ftags&post=9446"}],"curies":[{"name":"wp","href":"https:\/\/api.w.org\/{rel}","templated":true}]}}