{"id":9444,"date":"2021-05-22T17:29:09","date_gmt":"2021-05-22T17:29:09","guid":{"rendered":"http:\/\/paroquiagloria.org\/v2\/?p=9444"},"modified":"2021-05-22T17:29:10","modified_gmt":"2021-05-22T17:29:10","slug":"solenidade-do-corpo-de-deus","status":"publish","type":"post","link":"http:\/\/paroquiagloria.org\/v2\/?p=9444","title":{"rendered":"Solenidade do Corpo de Deus"},"content":{"rendered":"\n<h2>3 de Junho<\/h2>\n\n\n\n<div class=\"wp-block-image\"><figure class=\"aligncenter size-large\"><a href=\"http:\/\/paroquiagloria.org\/v2\/wp-content\/uploads\/2014\/05\/corpodedeus.jpg\"><img loading=\"lazy\" width=\"960\" height=\"679\" src=\"http:\/\/paroquiagloria.org\/v2\/wp-content\/uploads\/2014\/05\/corpodedeus.jpg\" alt=\"\" class=\"wp-image-2328\" srcset=\"http:\/\/paroquiagloria.org\/v2\/wp-content\/uploads\/2014\/05\/corpodedeus.jpg 960w, http:\/\/paroquiagloria.org\/v2\/wp-content\/uploads\/2014\/05\/corpodedeus-300x212.jpg 300w\" sizes=\"(max-width: 960px) 100vw, 960px\" \/><\/a><\/figure><\/div>\n\n\n\n<p>Como sabemos as prociss\u00f5es est\u00e3o proibidas, pelo que este ano n\u00e3o haver\u00e1 a prociss\u00e3o do Corpo de Deus. Teremos assim as Eucaristias com os <strong>hor\u00e1rios de domingo: 8.30h, 10.30h, 12h e 19h.<\/strong> No dia <strong>7 de junho<\/strong>, por proposta diocesana, faremos um tempo de <strong>Adora\u00e7\u00e3o ao Sant\u00edssimo Sacramento<\/strong>.<\/p>\n","protected":false},"excerpt":{"rendered":"<p>3 de Junho Como sabemos as prociss\u00f5es est\u00e3o proibidas, pelo que este ano n\u00e3o haver\u00e1 a prociss\u00e3o do Corpo de Deus. Teremos assim as Eucaristias com os hor\u00e1rios de domingo: 8.30h, 10.30h, 12h e 19h. No dia 7 de junho, por proposta diocesana, faremos um tempo de Adora\u00e7\u00e3o ao Sant\u00edssimo Sacramento.<\/p>\n","protected":false},"author":1,"featured_media":3432,"comment_status":"open","ping_status":"closed","sticky":false,"template":"","format":"standard","meta":{"ngg_post_thumbnail":0},"categories":[1,4,2,6,23],"tags":[],"_links":{"self":[{"href":"http:\/\/paroquiagloria.org\/v2\/index.php?rest_route=\/wp\/v2\/posts\/9444"}],"collection":[{"href":"http:\/\/paroquiagloria.org\/v2\/index.php?rest_route=\/wp\/v2\/posts"}],"about":[{"href":"http:\/\/paroquiagloria.org\/v2\/index.php?rest_route=\/wp\/v2\/types\/post"}],"author":[{"embeddable":true,"href":"http:\/\/paroquiagloria.org\/v2\/index.php?rest_route=\/wp\/v2\/users\/1"}],"replies":[{"embeddable":true,"href":"http:\/\/paroquiagloria.org\/v2\/index.php?rest_route=%2Fwp%2Fv2%2Fcomments&post=9444"}],"version-history":[{"count":1,"href":"http:\/\/paroquiagloria.org\/v2\/index.php?rest_route=\/wp\/v2\/posts\/9444\/revisions"}],"predecessor-version":[{"id":9445,"href":"http:\/\/paroquiagloria.org\/v2\/index.php?rest_route=\/wp\/v2\/posts\/9444\/revisions\/9445"}],"wp:featuredmedia":[{"embeddable":true,"href":"http:\/\/paroquiagloria.org\/v2\/index.php?rest_route=\/wp\/v2\/media\/3432"}],"wp:attachment":[{"href":"http:\/\/paroquiagloria.org\/v2\/index.php?rest_route=%2Fwp%2Fv2%2Fmedia&parent=9444"}],"wp:term":[{"taxonomy":"category","embeddable":true,"href":"http:\/\/paroquiagloria.org\/v2\/index.php?rest_route=%2Fwp%2Fv2%2Fcategories&post=9444"},{"taxonomy":"post_tag","embeddable":true,"href":"http:\/\/paroquiagloria.org\/v2\/index.php?rest_route=%2Fwp%2Fv2%2Ftags&post=9444"}],"curies":[{"name":"wp","href":"https:\/\/api.w.org\/{rel}","templated":true}]}}