{"id":9419,"date":"2021-05-15T19:00:57","date_gmt":"2021-05-15T19:00:57","guid":{"rendered":"http:\/\/paroquiagloria.org\/v2\/?p=9419"},"modified":"2021-05-15T19:15:35","modified_gmt":"2021-05-15T19:15:35","slug":"55-o-dia-mundial-das-comunicacoes-sociais","status":"publish","type":"post","link":"http:\/\/paroquiagloria.org\/v2\/?p=9419","title":{"rendered":"55.\u00ba Dia Mundial das Comunica\u00e7\u00f5es Sociais"},"content":{"rendered":"\n<h2>\u00ab\u201cVem e ver\u00e1s\u201d (Jo 1, 46). Comunicar encontrando as pessoas onde est\u00e3o e como s\u00e3o\u00bb<\/h2>\n\n\n\n<p><\/p>\n\n\n\n<div class=\"wp-block-image\"><figure class=\"aligncenter size-large\"><a href=\"http:\/\/paroquiagloria.org\/v2\/wp-content\/uploads\/2021\/05\/Cartaz-A3-_-55-Dia-Mundial-das-Comunicacoes-Sociais-724x1024-1.jpg\"><img loading=\"lazy\" width=\"724\" height=\"1024\" src=\"http:\/\/paroquiagloria.org\/v2\/wp-content\/uploads\/2021\/05\/Cartaz-A3-_-55-Dia-Mundial-das-Comunicacoes-Sociais-724x1024-1.jpg\" alt=\"\" class=\"wp-image-9417\" srcset=\"http:\/\/paroquiagloria.org\/v2\/wp-content\/uploads\/2021\/05\/Cartaz-A3-_-55-Dia-Mundial-das-Comunicacoes-Sociais-724x1024-1.jpg 724w, http:\/\/paroquiagloria.org\/v2\/wp-content\/uploads\/2021\/05\/Cartaz-A3-_-55-Dia-Mundial-das-Comunicacoes-Sociais-724x1024-1-212x300.jpg 212w\" sizes=\"(max-width: 724px) 100vw, 724px\" \/><\/a><\/figure><\/div>\n\n\n\n<p>No contexto da mensagem do Papa Francisco para este dia, termina com a seguinte ora\u00e7\u00e3o que ajuda a saborear toda a mensagem:<\/p>\n\n\n\n<p class=\"has-black-color has-pale-cyan-blue-background-color has-text-color has-background has-medium-font-size\"><br>\u201cSenhor, ensinai-nos a sair de n\u00f3s mesmos,<br>e partir \u00e0 procura da verdade.<br>Ensinai-nos a ir e ver,<br>ensinai-nos a ouvir,<br>a n\u00e3o cultivar preconceitos,<br>a n\u00e3o tirar conclus\u00f5es precipitadas.<br>Ensinai-nos a ir aonde n\u00e3o vai ningu\u00e9m,<br>a reservar tempo para compreender,<br>a prestar aten\u00e7\u00e3o ao essencial,<br>a n\u00e3o nos distrairmos com o sup\u00e9rfluo,<br>a distinguir entre a apar\u00eancia enganadora e a verdade.<br>Concedei-nos a gra\u00e7a de reconhecer as vossas moradas no mundo<br>e a honestidade de contar o que vimos.\u201d<\/p>\n\n\n\n<p><\/p>\n\n\n\n<p>Mais Informa\u00e7\u00f5es <a rel=\"noreferrer noopener\" href=\"https:\/\/agencia.ecclesia.pt\/portal\/55o-dia-mundial-das-comunicacoes-sociais\/\" data-type=\"URL\" data-id=\"https:\/\/agencia.ecclesia.pt\/portal\/55o-dia-mundial-das-comunicacoes-sociais\/\" target=\"_blank\">AQUI<\/a><\/p>\n\n\n\n<figure class=\"wp-block-pullquote\"><blockquote><p><a href=\"http:\/\/paroquiagloria.org\/v2\/wp-content\/uploads\/2021\/05\/papa-francesco_20210123_messaggio-comunicazioni-sociali.pdf\" data-type=\"URL\" data-id=\"http:\/\/paroquiagloria.org\/v2\/wp-content\/uploads\/2021\/05\/papa-francesco_20210123_messaggio-comunicazioni-sociali.pdf\" target=\"_blank\" rel=\"noreferrer noopener\">MENSAGEM DO PAPA FRANCISCO<\/a><\/p><\/blockquote><\/figure>\n\n\n\n<p><\/p>\n","protected":false},"excerpt":{"rendered":"<p>\u00ab\u201cVem e ver\u00e1s\u201d (Jo 1, 46). Comunicar encontrando as pessoas onde est\u00e3o e como s\u00e3o\u00bb No contexto da mensagem do Papa Francisco para este dia, termina com a seguinte ora\u00e7\u00e3o que ajuda a saborear toda a mensagem: \u201cSenhor, ensinai-nos a sair de n\u00f3s mesmos,e partir \u00e0 procura da verdade.Ensinai-nos a ir e ver,ensinai-nos a ouvir,a [&hellip;]<\/p>\n","protected":false},"author":1,"featured_media":9413,"comment_status":"open","ping_status":"closed","sticky":false,"template":"","format":"standard","meta":{"ngg_post_thumbnail":0},"categories":[1,4,2,6,23],"tags":[],"_links":{"self":[{"href":"http:\/\/paroquiagloria.org\/v2\/index.php?rest_route=\/wp\/v2\/posts\/9419"}],"collection":[{"href":"http:\/\/paroquiagloria.org\/v2\/index.php?rest_route=\/wp\/v2\/posts"}],"about":[{"href":"http:\/\/paroquiagloria.org\/v2\/index.php?rest_route=\/wp\/v2\/types\/post"}],"author":[{"embeddable":true,"href":"http:\/\/paroquiagloria.org\/v2\/index.php?rest_route=\/wp\/v2\/users\/1"}],"replies":[{"embeddable":true,"href":"http:\/\/paroquiagloria.org\/v2\/index.php?rest_route=%2Fwp%2Fv2%2Fcomments&post=9419"}],"version-history":[{"count":3,"href":"http:\/\/paroquiagloria.org\/v2\/index.php?rest_route=\/wp\/v2\/posts\/9419\/revisions"}],"predecessor-version":[{"id":9430,"href":"http:\/\/paroquiagloria.org\/v2\/index.php?rest_route=\/wp\/v2\/posts\/9419\/revisions\/9430"}],"wp:featuredmedia":[{"embeddable":true,"href":"http:\/\/paroquiagloria.org\/v2\/index.php?rest_route=\/wp\/v2\/media\/9413"}],"wp:attachment":[{"href":"http:\/\/paroquiagloria.org\/v2\/index.php?rest_route=%2Fwp%2Fv2%2Fmedia&parent=9419"}],"wp:term":[{"taxonomy":"category","embeddable":true,"href":"http:\/\/paroquiagloria.org\/v2\/index.php?rest_route=%2Fwp%2Fv2%2Fcategories&post=9419"},{"taxonomy":"post_tag","embeddable":true,"href":"http:\/\/paroquiagloria.org\/v2\/index.php?rest_route=%2Fwp%2Fv2%2Ftags&post=9419"}],"curies":[{"name":"wp","href":"https:\/\/api.w.org\/{rel}","templated":true}]}}