{"id":9411,"date":"2021-05-15T18:57:51","date_gmt":"2021-05-15T18:57:51","guid":{"rendered":"http:\/\/paroquiagloria.org\/v2\/?p=9411"},"modified":"2021-05-15T19:14:14","modified_gmt":"2021-05-15T19:14:14","slug":"catequistas-carta-apostolica-motu-proprio-antiquum-ministerium","status":"publish","type":"post","link":"http:\/\/paroquiagloria.org\/v2\/?p=9411","title":{"rendered":"Catequistas &#8211; Carta apost\u00f3lica (Motu Proprio) \u2018Antiquum ministerium\u2018"},"content":{"rendered":"\n<div class=\"wp-block-image\"><figure class=\"aligncenter size-large\"><a href=\"http:\/\/paroquiagloria.org\/v2\/wp-content\/uploads\/2021\/05\/9786559750122.jpg\"><img loading=\"lazy\" width=\"450\" height=\"690\" src=\"http:\/\/paroquiagloria.org\/v2\/wp-content\/uploads\/2021\/05\/9786559750122.jpg\" alt=\"\" class=\"wp-image-9412\" srcset=\"http:\/\/paroquiagloria.org\/v2\/wp-content\/uploads\/2021\/05\/9786559750122.jpg 450w, http:\/\/paroquiagloria.org\/v2\/wp-content\/uploads\/2021\/05\/9786559750122-196x300.jpg 196w\" sizes=\"(max-width: 450px) 100vw, 450px\" \/><\/a><\/figure><\/div>\n\n\n\n<p>O Papa Francisco decidiu instituir o minist\u00e9rio de catequista, na Igreja Cat\u00f3lica, no dia 11 de Maio.<br>O texto sublinha que \u201cainda hoje, h\u00e1 muitos catequistas competentes e perseverantes que est\u00e3o \u00e0 frente de comunidades em diferentes regi\u00f5es, realizando uma miss\u00e3o insubstitu\u00edvel na transmiss\u00e3o e aprofundamento da f\u00e9\u201d.<br>A decis\u00e3o diz respeito a homens e mulheres que n\u00e3o pertencem ao clero nem a institutos religiosos, reconhecendo de forma \u201cest\u00e1vel\u201d o servi\u00e7o que prestam na transmiss\u00e3o da f\u00e9, \u201cdesempenhado de maneira laical como exige a pr\u00f3pria natureza do minist\u00e9rio\u201d. O Papa assinala que o minist\u00e9rio laical como o de catequista imprime uma \u201cacentua\u00e7\u00e3o maior ao empenho mission\u00e1rio t\u00edpico de cada um dos baptizados\u201d.<\/p>\n\n\n\n<p>Cfr. <a rel=\"noreferrer noopener\" href=\"https:\/\/agencia.ecclesia.pt\/portal\/carta-apostolica-sob-forma-de-motu-proprio-do-sumo-pontifice-francisco-antiquum-ministerium-pela-qual-se-institui-o-ministerio-de-catequista\/\" data-type=\"URL\" data-id=\"https:\/\/agencia.ecclesia.pt\/portal\/carta-apostolica-sob-forma-de-motu-proprio-do-sumo-pontifice-francisco-antiquum-ministerium-pela-qual-se-institui-o-ministerio-de-catequista\/\" target=\"_blank\">Agencia Ecclesia<\/a><\/p>\n\n\n\n<figure class=\"wp-block-pullquote\"><blockquote><p><a href=\"http:\/\/paroquiagloria.org\/v2\/wp-content\/uploads\/2021\/05\/papa-francesco-motu-proprio-20210510_antiquum-ministerium.pdf\" data-type=\"URL\" data-id=\"http:\/\/paroquiagloria.org\/v2\/wp-content\/uploads\/2021\/05\/papa-francesco-motu-proprio-20210510_antiquum-ministerium.pdf\" target=\"_blank\" rel=\"noreferrer noopener\">CARTA APOST\u00d3LICA<\/a><\/p><\/blockquote><\/figure>\n","protected":false},"excerpt":{"rendered":"<p>O Papa Francisco decidiu instituir o minist\u00e9rio de catequista, na Igreja Cat\u00f3lica, no dia 11 de Maio.O texto sublinha que \u201cainda hoje, h\u00e1 muitos catequistas competentes e perseverantes que est\u00e3o \u00e0 frente de comunidades em diferentes regi\u00f5es, realizando uma miss\u00e3o insubstitu\u00edvel na transmiss\u00e3o e aprofundamento da f\u00e9\u201d.A decis\u00e3o diz respeito a homens e mulheres que [&hellip;]<\/p>\n","protected":false},"author":1,"featured_media":9414,"comment_status":"open","ping_status":"closed","sticky":false,"template":"","format":"standard","meta":{"ngg_post_thumbnail":0},"categories":[1,4,2,6],"tags":[],"_links":{"self":[{"href":"http:\/\/paroquiagloria.org\/v2\/index.php?rest_route=\/wp\/v2\/posts\/9411"}],"collection":[{"href":"http:\/\/paroquiagloria.org\/v2\/index.php?rest_route=\/wp\/v2\/posts"}],"about":[{"href":"http:\/\/paroquiagloria.org\/v2\/index.php?rest_route=\/wp\/v2\/types\/post"}],"author":[{"embeddable":true,"href":"http:\/\/paroquiagloria.org\/v2\/index.php?rest_route=\/wp\/v2\/users\/1"}],"replies":[{"embeddable":true,"href":"http:\/\/paroquiagloria.org\/v2\/index.php?rest_route=%2Fwp%2Fv2%2Fcomments&post=9411"}],"version-history":[{"count":2,"href":"http:\/\/paroquiagloria.org\/v2\/index.php?rest_route=\/wp\/v2\/posts\/9411\/revisions"}],"predecessor-version":[{"id":9429,"href":"http:\/\/paroquiagloria.org\/v2\/index.php?rest_route=\/wp\/v2\/posts\/9411\/revisions\/9429"}],"wp:featuredmedia":[{"embeddable":true,"href":"http:\/\/paroquiagloria.org\/v2\/index.php?rest_route=\/wp\/v2\/media\/9414"}],"wp:attachment":[{"href":"http:\/\/paroquiagloria.org\/v2\/index.php?rest_route=%2Fwp%2Fv2%2Fmedia&parent=9411"}],"wp:term":[{"taxonomy":"category","embeddable":true,"href":"http:\/\/paroquiagloria.org\/v2\/index.php?rest_route=%2Fwp%2Fv2%2Fcategories&post=9411"},{"taxonomy":"post_tag","embeddable":true,"href":"http:\/\/paroquiagloria.org\/v2\/index.php?rest_route=%2Fwp%2Fv2%2Ftags&post=9411"}],"curies":[{"name":"wp","href":"https:\/\/api.w.org\/{rel}","templated":true}]}}