{"id":9405,"date":"2021-05-15T18:49:37","date_gmt":"2021-05-15T18:49:37","guid":{"rendered":"http:\/\/paroquiagloria.org\/v2\/?p=9405"},"modified":"2021-05-15T19:05:17","modified_gmt":"2021-05-15T19:05:17","slug":"semana-laudato-si","status":"publish","type":"post","link":"http:\/\/paroquiagloria.org\/v2\/?p=9405","title":{"rendered":"Semana Laudato Si&#8217;"},"content":{"rendered":"\n<p><\/p>\n\n\n\n<div class=\"wp-block-image\"><figure class=\"aligncenter size-large\"><a href=\"http:\/\/paroquiagloria.org\/v2\/wp-content\/uploads\/2021\/05\/Laudatosi_Semana.jpg\"><img loading=\"lazy\" width=\"686\" height=\"492\" src=\"http:\/\/paroquiagloria.org\/v2\/wp-content\/uploads\/2021\/05\/Laudatosi_Semana.jpg\" alt=\"\" class=\"wp-image-9407\" srcset=\"http:\/\/paroquiagloria.org\/v2\/wp-content\/uploads\/2021\/05\/Laudatosi_Semana.jpg 686w, http:\/\/paroquiagloria.org\/v2\/wp-content\/uploads\/2021\/05\/Laudatosi_Semana-300x215.jpg 300w\" sizes=\"(max-width: 686px) 100vw, 686px\" \/><\/a><\/figure><\/div>\n\n\n\n<p>O Dicast\u00e9rio para o Servi\u00e7o de Desenvolvimento Humano Integral (Santa S\u00e9) vai promover, de 16 a 25 de maio, uma \u2018Semana Laudato Si\u2019, que encerra o ano especial dedicado \u00e0 enc\u00edclica ecol\u00f3gica e social. Do programa para esta semana destacam-se diversas oportunidades de di\u00e1logo sobre as \u201coportunidades importantes em 2021 para gerar mudan\u00e7as\u201d, educa\u00e7\u00e3o, economia, combust\u00edveis f\u00f3sseis e direitos humanos. Entre as v\u00e1rias iniciativas que marcam este ano est\u00e1 a publica\u00e7\u00e3o de um \u201cmanual\u201d de aplica\u00e7\u00e3o da enc\u00edclica ecol\u00f3gica e social \u2018Laudato Si\u2019, que o Papa publicou em 2015, com mais de 200 recomenda\u00e7\u00f5es em defesa do ambiente e da vida humana.<\/p>\n\n\n\n<p><\/p>\n\n\n\n<p>Saiba Mais nesta P\u00e1gina: <a href=\"https:\/\/laudatosiweek.org\/pt\/home-pt\/\" data-type=\"URL\" data-id=\"https:\/\/laudatosiweek.org\/pt\/home-pt\/\" target=\"_blank\" rel=\"noreferrer noopener\">SemanaLaudatoSi<\/a><\/p>\n","protected":false},"excerpt":{"rendered":"<p>O Dicast\u00e9rio para o Servi\u00e7o de Desenvolvimento Humano Integral (Santa S\u00e9) vai promover, de 16 a 25 de maio, uma \u2018Semana Laudato Si\u2019, que encerra o ano especial dedicado \u00e0 enc\u00edclica ecol\u00f3gica e social. Do programa para esta semana destacam-se diversas oportunidades de di\u00e1logo sobre as \u201coportunidades importantes em 2021 para gerar mudan\u00e7as\u201d, educa\u00e7\u00e3o, economia, [&hellip;]<\/p>\n","protected":false},"author":1,"featured_media":9409,"comment_status":"open","ping_status":"closed","sticky":false,"template":"","format":"standard","meta":{"ngg_post_thumbnail":0},"categories":[1,4,2,6],"tags":[],"_links":{"self":[{"href":"http:\/\/paroquiagloria.org\/v2\/index.php?rest_route=\/wp\/v2\/posts\/9405"}],"collection":[{"href":"http:\/\/paroquiagloria.org\/v2\/index.php?rest_route=\/wp\/v2\/posts"}],"about":[{"href":"http:\/\/paroquiagloria.org\/v2\/index.php?rest_route=\/wp\/v2\/types\/post"}],"author":[{"embeddable":true,"href":"http:\/\/paroquiagloria.org\/v2\/index.php?rest_route=\/wp\/v2\/users\/1"}],"replies":[{"embeddable":true,"href":"http:\/\/paroquiagloria.org\/v2\/index.php?rest_route=%2Fwp%2Fv2%2Fcomments&post=9405"}],"version-history":[{"count":3,"href":"http:\/\/paroquiagloria.org\/v2\/index.php?rest_route=\/wp\/v2\/posts\/9405\/revisions"}],"predecessor-version":[{"id":9425,"href":"http:\/\/paroquiagloria.org\/v2\/index.php?rest_route=\/wp\/v2\/posts\/9405\/revisions\/9425"}],"wp:featuredmedia":[{"embeddable":true,"href":"http:\/\/paroquiagloria.org\/v2\/index.php?rest_route=\/wp\/v2\/media\/9409"}],"wp:attachment":[{"href":"http:\/\/paroquiagloria.org\/v2\/index.php?rest_route=%2Fwp%2Fv2%2Fmedia&parent=9405"}],"wp:term":[{"taxonomy":"category","embeddable":true,"href":"http:\/\/paroquiagloria.org\/v2\/index.php?rest_route=%2Fwp%2Fv2%2Fcategories&post=9405"},{"taxonomy":"post_tag","embeddable":true,"href":"http:\/\/paroquiagloria.org\/v2\/index.php?rest_route=%2Fwp%2Fv2%2Ftags&post=9405"}],"curies":[{"name":"wp","href":"https:\/\/api.w.org\/{rel}","templated":true}]}}