{"id":9390,"date":"2021-05-08T17:54:39","date_gmt":"2021-05-08T17:54:39","guid":{"rendered":"http:\/\/paroquiagloria.org\/v2\/?p=9390"},"modified":"2021-05-08T18:04:39","modified_gmt":"2021-05-08T18:04:39","slug":"semana-da-vida-2021","status":"publish","type":"post","link":"http:\/\/paroquiagloria.org\/v2\/?p=9390","title":{"rendered":"SEMANA DA VIDA 2021"},"content":{"rendered":"\n<h2>\u00abA Vida Que Nos Toca \u2013 A Vida Que Sempre Cuidamos\u00bb<\/h2>\n\n\n\n<div class=\"wp-block-image\"><figure class=\"aligncenter\"><img loading=\"lazy\" width=\"940\" height=\"788\" src=\"http:\/\/paroquiagloria.org\/v2\/wp-content\/uploads\/2021\/05\/semanadavida2021.jpg\" alt=\"\" class=\"wp-image-9391\" srcset=\"http:\/\/paroquiagloria.org\/v2\/wp-content\/uploads\/2021\/05\/semanadavida2021.jpg 940w, http:\/\/paroquiagloria.org\/v2\/wp-content\/uploads\/2021\/05\/semanadavida2021-300x251.jpg 300w, http:\/\/paroquiagloria.org\/v2\/wp-content\/uploads\/2021\/05\/semanadavida2021-768x644.jpg 768w\" sizes=\"(max-width: 940px) 100vw, 940px\" \/><\/figure><\/div>\n\n\n\n<p>\u00c9 o tema deste ano da Semana da Vida, que decorrer\u00e1 de 9 a 16 de maio de 2021. O Departamento Nacional da Pastoral Familiar (DPNF) entendeu que a Semana da Vida deste ano deveria incidir sobre todas as fases da vida do Homem, desde a sua conce\u00e7\u00e3o \u00e0 morte natural, n\u00e3o esquecendo o planeta terra, nossa casa comum. Para cada dia dessa semana, h\u00e1 um sub-tema: <\/p>\n\n\n\n<ul><li> dia 10 \u2013     \u00abCuidar da Casa Comum \u2013 Um planeta que nos toca; <\/li><li> dia 11 \u2013     \u00abCuidar da vida que nasce \u2013 tocar numa nova criatura\u00bb; <\/li><li> dia 12 \u2013     \u00abCuidar e educar os filhos \u2013 Tocar o futuro das gera\u00e7\u00f5es\u00bb; <\/li><li> dia 13 \u2013     \u00abCuidar dos nossos jovens \u2013 Tocar na escolha da voca\u00e7\u00e3o\u00bb; <\/li><li> dia 14 \u2013     \u00abCuidar dos nossos idosos \u2013 O passado tamb\u00e9m nos toca\u00bb; <\/li><li> dia 15 \u2013     \u00abCuidar da fam\u00edlia \u2013 os la\u00e7os que se tocam\u00bb.<\/li><\/ul>\n\n\n\n<p> Os materiais alinhados com o tema de cada um dos dias, ser\u00e3o partilhados atrav\u00e9s das plataformas digitais dos Secretariados Diocesanos.<\/p>\n\n\n\n<p> Na Diocese de Aveiro, no dia de encerramento da Semana da Vida, ser\u00e1 celebrada a Eucaristia, presidida pelo Sr. Bispo, D. Ant\u00f3nio Moiteiro, na igreja paroquial de Ribeira de Fr\u00e1guas, \u00e0s 10.00h, transmitida pelos canais digitais da diocese.<\/p>\n\n\n\n<p><\/p>\n\n\n\n<p>Mais informa\u00e7\u00f5es <a href=\"http:\/\/www.diocese-aveiro.pt\/v2\/?p=20646\" target=\"_blank\" rel=\"noreferrer noopener\" aria-label=\"AQUI (abre num novo separador)\">AQUI<\/a><\/p>\n\n\n\n<p><\/p>\n\n\n\n<h2>Tert\u00falia \u00abCuidar dos Nossos Idosos\u00bb<\/h2>\n\n\n\n<figure class=\"wp-block-image\"><img loading=\"lazy\" width=\"1024\" height=\"1024\" src=\"http:\/\/paroquiagloria.org\/v2\/wp-content\/uploads\/2021\/05\/cuidardosnossosidosos_small.jpg\" alt=\"\" class=\"wp-image-9392\" srcset=\"http:\/\/paroquiagloria.org\/v2\/wp-content\/uploads\/2021\/05\/cuidardosnossosidosos_small.jpg 1024w, http:\/\/paroquiagloria.org\/v2\/wp-content\/uploads\/2021\/05\/cuidardosnossosidosos_small-150x150.jpg 150w, http:\/\/paroquiagloria.org\/v2\/wp-content\/uploads\/2021\/05\/cuidardosnossosidosos_small-300x300.jpg 300w, http:\/\/paroquiagloria.org\/v2\/wp-content\/uploads\/2021\/05\/cuidardosnossosidosos_small-768x768.jpg 768w, http:\/\/paroquiagloria.org\/v2\/wp-content\/uploads\/2021\/05\/cuidardosnossosidosos_small-185x185.jpg 185w, http:\/\/paroquiagloria.org\/v2\/wp-content\/uploads\/2021\/05\/cuidardosnossosidosos_small-184x184.jpg 184w\" sizes=\"(max-width: 1024px) 100vw, 1024px\" \/><\/figure>\n\n\n\n<p>Os Secretariados Diocesanos das Pastorais, Familiar e da Sa\u00fade, de Aveiro, ir\u00e3o realizar no pr\u00f3ximo dia 14 de maio de 2021, sexta-feira, \u00e0s 21.15h, uma tert\u00falia com o tema \u00abCuidar dos Nossos Idosos\u00bb, inseridas nas atividades da \u00abSemana da Vida\u00bb. O evento decorrer\u00e1 no sal\u00e3o da Igreja da Gl\u00f3ria e ser\u00e1 transmitido no site da diocese em www.diocese-aveiro.pt<\/p>\n","protected":false},"excerpt":{"rendered":"<p>\u00abA Vida Que Nos Toca \u2013 A Vida Que Sempre Cuidamos\u00bb \u00c9 o tema deste ano da Semana da Vida, que decorrer\u00e1 de 9 a 16 de maio de 2021. O Departamento Nacional da Pastoral Familiar (DPNF) entendeu que a Semana da Vida deste ano deveria incidir sobre todas as fases da vida do Homem, [&hellip;]<\/p>\n","protected":false},"author":1,"featured_media":9396,"comment_status":"open","ping_status":"closed","sticky":false,"template":"","format":"standard","meta":{"ngg_post_thumbnail":0},"categories":[1,4,2,6,23],"tags":[],"_links":{"self":[{"href":"http:\/\/paroquiagloria.org\/v2\/index.php?rest_route=\/wp\/v2\/posts\/9390"}],"collection":[{"href":"http:\/\/paroquiagloria.org\/v2\/index.php?rest_route=\/wp\/v2\/posts"}],"about":[{"href":"http:\/\/paroquiagloria.org\/v2\/index.php?rest_route=\/wp\/v2\/types\/post"}],"author":[{"embeddable":true,"href":"http:\/\/paroquiagloria.org\/v2\/index.php?rest_route=\/wp\/v2\/users\/1"}],"replies":[{"embeddable":true,"href":"http:\/\/paroquiagloria.org\/v2\/index.php?rest_route=%2Fwp%2Fv2%2Fcomments&post=9390"}],"version-history":[{"count":2,"href":"http:\/\/paroquiagloria.org\/v2\/index.php?rest_route=\/wp\/v2\/posts\/9390\/revisions"}],"predecessor-version":[{"id":9400,"href":"http:\/\/paroquiagloria.org\/v2\/index.php?rest_route=\/wp\/v2\/posts\/9390\/revisions\/9400"}],"wp:featuredmedia":[{"embeddable":true,"href":"http:\/\/paroquiagloria.org\/v2\/index.php?rest_route=\/wp\/v2\/media\/9396"}],"wp:attachment":[{"href":"http:\/\/paroquiagloria.org\/v2\/index.php?rest_route=%2Fwp%2Fv2%2Fmedia&parent=9390"}],"wp:term":[{"taxonomy":"category","embeddable":true,"href":"http:\/\/paroquiagloria.org\/v2\/index.php?rest_route=%2Fwp%2Fv2%2Fcategories&post=9390"},{"taxonomy":"post_tag","embeddable":true,"href":"http:\/\/paroquiagloria.org\/v2\/index.php?rest_route=%2Fwp%2Fv2%2Ftags&post=9390"}],"curies":[{"name":"wp","href":"https:\/\/api.w.org\/{rel}","templated":true}]}}