{"id":9384,"date":"2021-05-08T17:49:19","date_gmt":"2021-05-08T17:49:19","guid":{"rendered":"http:\/\/paroquiagloria.org\/v2\/?p=9384"},"modified":"2021-05-08T17:49:20","modified_gmt":"2021-05-08T17:49:20","slug":"crisma","status":"publish","type":"post","link":"http:\/\/paroquiagloria.org\/v2\/?p=9384","title":{"rendered":"Crisma"},"content":{"rendered":"\n<figure class=\"wp-block-image\"><img loading=\"lazy\" width=\"960\" height=\"340\" src=\"http:\/\/paroquiagloria.org\/v2\/wp-content\/uploads\/2015\/05\/banner_crisma.jpg\" alt=\"\" class=\"wp-image-3359\" srcset=\"http:\/\/paroquiagloria.org\/v2\/wp-content\/uploads\/2015\/05\/banner_crisma.jpg 960w, http:\/\/paroquiagloria.org\/v2\/wp-content\/uploads\/2015\/05\/banner_crisma-300x106.jpg 300w\" sizes=\"(max-width: 960px) 100vw, 960px\" \/><\/figure>\n\n\n\n<p>Este s\u00e1bado, dia 8 de maio, um grupo de jovens e adultos recebeu o Sacramento da Confirma\u00e7\u00e3o na nossa par\u00f3quia. Um passo importante na vida crist\u00e3 de cada um que o compromete ainda mais a inserir-se na nossa comunidade concreta que somos em Aveiro, a Par\u00f3quia de Nossa Senhora da Gl\u00f3ria. Contamos com a alegria e entusiasmo de cada um para ajudar e colaborar naquilo que se sentir mais \u00fatil.<\/p>\n","protected":false},"excerpt":{"rendered":"<p>Este s\u00e1bado, dia 8 de maio, um grupo de jovens e adultos recebeu o Sacramento da Confirma\u00e7\u00e3o na nossa par\u00f3quia. Um passo importante na vida crist\u00e3 de cada um que o compromete ainda mais a inserir-se na nossa comunidade concreta que somos em Aveiro, a Par\u00f3quia de Nossa Senhora da Gl\u00f3ria. Contamos com a alegria [&hellip;]<\/p>\n","protected":false},"author":1,"featured_media":5570,"comment_status":"open","ping_status":"closed","sticky":false,"template":"","format":"standard","meta":{"ngg_post_thumbnail":0},"categories":[1,4,2,6,23],"tags":[],"_links":{"self":[{"href":"http:\/\/paroquiagloria.org\/v2\/index.php?rest_route=\/wp\/v2\/posts\/9384"}],"collection":[{"href":"http:\/\/paroquiagloria.org\/v2\/index.php?rest_route=\/wp\/v2\/posts"}],"about":[{"href":"http:\/\/paroquiagloria.org\/v2\/index.php?rest_route=\/wp\/v2\/types\/post"}],"author":[{"embeddable":true,"href":"http:\/\/paroquiagloria.org\/v2\/index.php?rest_route=\/wp\/v2\/users\/1"}],"replies":[{"embeddable":true,"href":"http:\/\/paroquiagloria.org\/v2\/index.php?rest_route=%2Fwp%2Fv2%2Fcomments&post=9384"}],"version-history":[{"count":1,"href":"http:\/\/paroquiagloria.org\/v2\/index.php?rest_route=\/wp\/v2\/posts\/9384\/revisions"}],"predecessor-version":[{"id":9385,"href":"http:\/\/paroquiagloria.org\/v2\/index.php?rest_route=\/wp\/v2\/posts\/9384\/revisions\/9385"}],"wp:featuredmedia":[{"embeddable":true,"href":"http:\/\/paroquiagloria.org\/v2\/index.php?rest_route=\/wp\/v2\/media\/5570"}],"wp:attachment":[{"href":"http:\/\/paroquiagloria.org\/v2\/index.php?rest_route=%2Fwp%2Fv2%2Fmedia&parent=9384"}],"wp:term":[{"taxonomy":"category","embeddable":true,"href":"http:\/\/paroquiagloria.org\/v2\/index.php?rest_route=%2Fwp%2Fv2%2Fcategories&post=9384"},{"taxonomy":"post_tag","embeddable":true,"href":"http:\/\/paroquiagloria.org\/v2\/index.php?rest_route=%2Fwp%2Fv2%2Ftags&post=9384"}],"curies":[{"name":"wp","href":"https:\/\/api.w.org\/{rel}","templated":true}]}}