{"id":9381,"date":"2021-05-08T17:47:01","date_gmt":"2021-05-08T17:47:01","guid":{"rendered":"http:\/\/paroquiagloria.org\/v2\/?p=9381"},"modified":"2021-05-08T17:47:03","modified_gmt":"2021-05-08T17:47:03","slug":"nova-avenida-com-nome-de-d-antonio-francisco-dos-santos","status":"publish","type":"post","link":"http:\/\/paroquiagloria.org\/v2\/?p=9381","title":{"rendered":"Nova avenida com nome de D. Ant\u00f3nio Francisco dos Santos"},"content":{"rendered":"\n<figure class=\"wp-block-image\"><img src=\"http:\/\/paroquiagloria.org\/v2\/wp-content\/uploads\/2021\/05\/DAntonioFrancisco-1.jpg\" alt=\"\" class=\"wp-image-9382\"\/><\/figure>\n\n\n\n<p>O Munic\u00edpio de Aveiro vai homenagear D. Ant\u00f3nio Francisco dos Santos, antigo bispo de Aveiro, na topon\u00edmia da cidade, dando o nome do respons\u00e1vel cat\u00f3lico, falecido em 2017, a uma nova avenida.<br> A Avenida que receber\u00e1 o nome ser\u00e1 a \u201cnova Avenida que liga a Alameda Silva Rocha \u00e0 Avenida Vasco Branco e seguindo at\u00e9 \u00e0 futura rotunda do T\u00fanel de Esgueira\u201d, pode ler-se no s\u00edtio online da autarquia.<br> <\/p>\n\n\n\n<p>fonte: <a href=\"https:\/\/agencia.ecclesia.pt\/portal\/aveiro-nova-avenida-vai-ter-o-nome-de-d-antonio-francisco-dos-santos\/?fbclid=IwAR35Mz4efboq8yr9_jgEKdsHrUjXjJcOU6qCPO_7QVCaMNww8pWZY-uVKPM\" target=\"_blank\" rel=\"noreferrer noopener\" aria-label=\"Ecclesia (abre num novo separador)\">Ecclesia<\/a><\/p>\n","protected":false},"excerpt":{"rendered":"<p>O Munic\u00edpio de Aveiro vai homenagear D. Ant\u00f3nio Francisco dos Santos, antigo bispo de Aveiro, na topon\u00edmia da cidade, dando o nome do respons\u00e1vel cat\u00f3lico, falecido em 2017, a uma nova avenida. A Avenida que receber\u00e1 o nome ser\u00e1 a \u201cnova Avenida que liga a Alameda Silva Rocha \u00e0 Avenida Vasco Branco e seguindo at\u00e9 [&hellip;]<\/p>\n","protected":false},"author":1,"featured_media":9378,"comment_status":"open","ping_status":"closed","sticky":false,"template":"","format":"standard","meta":{"ngg_post_thumbnail":0},"categories":[1,4,2,6],"tags":[],"_links":{"self":[{"href":"http:\/\/paroquiagloria.org\/v2\/index.php?rest_route=\/wp\/v2\/posts\/9381"}],"collection":[{"href":"http:\/\/paroquiagloria.org\/v2\/index.php?rest_route=\/wp\/v2\/posts"}],"about":[{"href":"http:\/\/paroquiagloria.org\/v2\/index.php?rest_route=\/wp\/v2\/types\/post"}],"author":[{"embeddable":true,"href":"http:\/\/paroquiagloria.org\/v2\/index.php?rest_route=\/wp\/v2\/users\/1"}],"replies":[{"embeddable":true,"href":"http:\/\/paroquiagloria.org\/v2\/index.php?rest_route=%2Fwp%2Fv2%2Fcomments&post=9381"}],"version-history":[{"count":1,"href":"http:\/\/paroquiagloria.org\/v2\/index.php?rest_route=\/wp\/v2\/posts\/9381\/revisions"}],"predecessor-version":[{"id":9383,"href":"http:\/\/paroquiagloria.org\/v2\/index.php?rest_route=\/wp\/v2\/posts\/9381\/revisions\/9383"}],"wp:featuredmedia":[{"embeddable":true,"href":"http:\/\/paroquiagloria.org\/v2\/index.php?rest_route=\/wp\/v2\/media\/9378"}],"wp:attachment":[{"href":"http:\/\/paroquiagloria.org\/v2\/index.php?rest_route=%2Fwp%2Fv2%2Fmedia&parent=9381"}],"wp:term":[{"taxonomy":"category","embeddable":true,"href":"http:\/\/paroquiagloria.org\/v2\/index.php?rest_route=%2Fwp%2Fv2%2Fcategories&post=9381"},{"taxonomy":"post_tag","embeddable":true,"href":"http:\/\/paroquiagloria.org\/v2\/index.php?rest_route=%2Fwp%2Fv2%2Ftags&post=9381"}],"curies":[{"name":"wp","href":"https:\/\/api.w.org\/{rel}","templated":true}]}}