{"id":9369,"date":"2021-05-01T18:11:45","date_gmt":"2021-05-01T18:11:45","guid":{"rendered":"http:\/\/paroquiagloria.org\/v2\/?p=9369"},"modified":"2021-05-01T18:11:46","modified_gmt":"2021-05-01T18:11:46","slug":"dia-mundial-do-trabalhador","status":"publish","type":"post","link":"http:\/\/paroquiagloria.org\/v2\/?p=9369","title":{"rendered":"Dia Mundial do Trabalhador"},"content":{"rendered":"\n<div class=\"wp-block-image\"><figure class=\"aligncenter\"><img loading=\"lazy\" width=\"512\" height=\"299\" src=\"http:\/\/paroquiagloria.org\/v2\/wp-content\/uploads\/2021\/05\/saojoseoperario.jpg\" alt=\"\" class=\"wp-image-9358\" srcset=\"http:\/\/paroquiagloria.org\/v2\/wp-content\/uploads\/2021\/05\/saojoseoperario.jpg 512w, http:\/\/paroquiagloria.org\/v2\/wp-content\/uploads\/2021\/05\/saojoseoperario-300x175.jpg 300w\" sizes=\"(max-width: 512px) 100vw, 512px\" \/><\/figure><\/div>\n\n\n\n<p>O Papa Francisco assinalou o Dia Mundial do Trabalhador com uma mensagem na rede social Twitter:<br> \u201cO trabalho de S\u00e3o Jos\u00e9 lembra-nos que o pr\u00f3prio Deus feito homem n\u00e3o desdenhou o trabalho. Pe\u00e7amos a #S\u00e3oJos\u00e9Oper\u00e1rio para encontrarmos caminhos onde nos possamos comprometer em dizer: nenhum jovem, nenhuma pessoa, nenhuma fam\u00edlia sem trabalho!\u201d, escreveu Francisco na sua conta \u2018@Pontifex_pt\u2019.<br> Desde 1955, a Igreja Cat\u00f3lica celebra a 1 de Maio a festa lit\u00fargica de S\u00e3o Jos\u00e9 Oper\u00e1rio, como forma de se associar \u00e0 comemora\u00e7\u00e3o mundial do Dia do Trabalhador. Foi institu\u00edda pelo Papa Pio XII, diante de milhares de trabalhadores italianos, onde afirmou: \u201cLonge de despertar disc\u00f3rdia, \u00f3dios e viol\u00eancia, o 1\u00ba de Maio \u00e9 e ser\u00e1 um recorrente convite \u00e0 sociedade moderna a realizar aquilo que ainda falta \u00e0 paz social\u201d.<br> S\u00e3o Jos\u00e9 foi desde cedo apresentado pela Igreja Cat\u00f3lica como s\u00edmbolo e exemplo de pai e de trabalhador, tendo sido declarado patrono da Igreja universal em 1870, por Pio IX.<\/p>\n\n\n\n<p> fonte: <a rel=\"noreferrer noopener\" aria-label=\"www.agencia.ecclesia.pt (abre num novo separador)\" href=\"https:\/\/agencia.ecclesia.pt\/portal\/igreja-sociedade-nenhum-jovem-nenhuma-pessoa-nenhuma-familia-sem-trabalho-papa\/\" target=\"_blank\">www.agencia.ecclesia.pt<\/a><\/p>\n\n\n\n<div class=\"wp-block-image\"><figure class=\"aligncenter\"><img loading=\"lazy\" width=\"750\" height=\"422\" src=\"http:\/\/paroquiagloria.org\/v2\/wp-content\/uploads\/2020\/12\/SaoJose_patrono2020.jpeg\" alt=\"\" class=\"wp-image-9053\" srcset=\"http:\/\/paroquiagloria.org\/v2\/wp-content\/uploads\/2020\/12\/SaoJose_patrono2020.jpeg 750w, http:\/\/paroquiagloria.org\/v2\/wp-content\/uploads\/2020\/12\/SaoJose_patrono2020-300x169.jpeg 300w\" sizes=\"(max-width: 750px) 100vw, 750px\" \/><\/figure><\/div>\n","protected":false},"excerpt":{"rendered":"<p>O Papa Francisco assinalou o Dia Mundial do Trabalhador com uma mensagem na rede social Twitter: \u201cO trabalho de S\u00e3o Jos\u00e9 lembra-nos que o pr\u00f3prio Deus feito homem n\u00e3o desdenhou o trabalho. Pe\u00e7amos a #S\u00e3oJos\u00e9Oper\u00e1rio para encontrarmos caminhos onde nos possamos comprometer em dizer: nenhum jovem, nenhuma pessoa, nenhuma fam\u00edlia sem trabalho!\u201d, escreveu Francisco na [&hellip;]<\/p>\n","protected":false},"author":1,"featured_media":9052,"comment_status":"open","ping_status":"closed","sticky":false,"template":"","format":"standard","meta":{"ngg_post_thumbnail":0},"categories":[1,4,2,6,23],"tags":[],"_links":{"self":[{"href":"http:\/\/paroquiagloria.org\/v2\/index.php?rest_route=\/wp\/v2\/posts\/9369"}],"collection":[{"href":"http:\/\/paroquiagloria.org\/v2\/index.php?rest_route=\/wp\/v2\/posts"}],"about":[{"href":"http:\/\/paroquiagloria.org\/v2\/index.php?rest_route=\/wp\/v2\/types\/post"}],"author":[{"embeddable":true,"href":"http:\/\/paroquiagloria.org\/v2\/index.php?rest_route=\/wp\/v2\/users\/1"}],"replies":[{"embeddable":true,"href":"http:\/\/paroquiagloria.org\/v2\/index.php?rest_route=%2Fwp%2Fv2%2Fcomments&post=9369"}],"version-history":[{"count":1,"href":"http:\/\/paroquiagloria.org\/v2\/index.php?rest_route=\/wp\/v2\/posts\/9369\/revisions"}],"predecessor-version":[{"id":9370,"href":"http:\/\/paroquiagloria.org\/v2\/index.php?rest_route=\/wp\/v2\/posts\/9369\/revisions\/9370"}],"wp:featuredmedia":[{"embeddable":true,"href":"http:\/\/paroquiagloria.org\/v2\/index.php?rest_route=\/wp\/v2\/media\/9052"}],"wp:attachment":[{"href":"http:\/\/paroquiagloria.org\/v2\/index.php?rest_route=%2Fwp%2Fv2%2Fmedia&parent=9369"}],"wp:term":[{"taxonomy":"category","embeddable":true,"href":"http:\/\/paroquiagloria.org\/v2\/index.php?rest_route=%2Fwp%2Fv2%2Fcategories&post=9369"},{"taxonomy":"post_tag","embeddable":true,"href":"http:\/\/paroquiagloria.org\/v2\/index.php?rest_route=%2Fwp%2Fv2%2Ftags&post=9369"}],"curies":[{"name":"wp","href":"https:\/\/api.w.org\/{rel}","templated":true}]}}