{"id":9365,"date":"2021-05-01T18:08:02","date_gmt":"2021-05-01T18:08:02","guid":{"rendered":"http:\/\/paroquiagloria.org\/v2\/?p=9365"},"modified":"2021-05-01T18:08:04","modified_gmt":"2021-05-01T18:08:04","slug":"mes-de-maio-6","status":"publish","type":"post","link":"http:\/\/paroquiagloria.org\/v2\/?p=9365","title":{"rendered":"M\u00eas de Maio\u2026"},"content":{"rendered":"\n<p><\/p>\n\n\n\n<h3>\u2026 na Par\u00f3quia<\/h3>\n\n\n\n<div class=\"wp-block-image\"><figure class=\"aligncenter\"><img loading=\"lazy\" width=\"1024\" height=\"724\" src=\"http:\/\/paroquiagloria.org\/v2\/wp-content\/uploads\/2021\/05\/catequeses-pascais-1024x724.jpg\" alt=\"\" class=\"wp-image-9361\" srcset=\"http:\/\/paroquiagloria.org\/v2\/wp-content\/uploads\/2021\/05\/catequeses-pascais-1024x724.jpg 1024w, http:\/\/paroquiagloria.org\/v2\/wp-content\/uploads\/2021\/05\/catequeses-pascais-300x212.jpg 300w, http:\/\/paroquiagloria.org\/v2\/wp-content\/uploads\/2021\/05\/catequeses-pascais-768x543.jpg 768w, http:\/\/paroquiagloria.org\/v2\/wp-content\/uploads\/2021\/05\/catequeses-pascais.jpg 1280w\" sizes=\"(max-width: 1024px) 100vw, 1024px\" \/><\/figure><\/div>\n\n\n\n<p><strong>Catequeses Pascais<\/strong><br> As par\u00f3quias de Esgueira, Gl\u00f3ria e Vera Cruz acolhem a proposta diocesana de catequeses sobre a fam\u00edlia e ir\u00e3o propor 3 catequeses online sobre tem\u00e1ticas familiares como a educa\u00e7\u00e3o, a cultura da vida e o matrim\u00f3nio como sacramento. Estas catequeses ser\u00e3o lan\u00e7adas em formato de v\u00eddeo para que, mais facilmente possam ser divulgadas, sendo uma oportunidade de aprofundamento catequ\u00e9tico. Os v\u00eddeos, preparados por cada par\u00f3quia, saem nos dias 16, 23 e 30 de maio.<\/p>\n\n\n\n<p><\/p>\n\n\n\n<div class=\"wp-block-image\"><figure class=\"aligncenter\"><img loading=\"lazy\" width=\"726\" height=\"345\" src=\"http:\/\/paroquiagloria.org\/v2\/wp-content\/uploads\/2019\/05\/terco_ora.jpg\" alt=\"\" class=\"wp-image-7663\" srcset=\"http:\/\/paroquiagloria.org\/v2\/wp-content\/uploads\/2019\/05\/terco_ora.jpg 726w, http:\/\/paroquiagloria.org\/v2\/wp-content\/uploads\/2019\/05\/terco_ora-300x143.jpg 300w\" sizes=\"(max-width: 726px) 100vw, 726px\" \/><\/figure><\/div>\n\n\n\n<p><strong>Ora\u00e7\u00e3o do Ter\u00e7o<\/strong><br> Ao longo do m\u00eas de maio ser\u00e1 rezado o ter\u00e7o nos diversos espa\u00e7os de culto da nossa par\u00f3quia:<\/p>\n\n\n\n<ul><li>na <strong>S\u00e9<\/strong>, de 2\u00aa a 6\u00aa feira, pelas 21.30h;<\/li><li>em <strong>Vilar<\/strong>, \u00e0 2\u00aa, pelas 21.30h (na Capela) e \u00e0 6\u00aa, pelas 21.30h (online);<\/li><li>na <strong>Capela dos Santos M\u00e1rtires<\/strong> (Alboi), de 2\u00aa a 6\u00aa, pelas 18.00h;<\/li><li>na <strong>Igreja de S. Ant\u00f3nio<\/strong>, de 2\u00aa a 6\u00aa, pelas 18.15h.<\/li><\/ul>\n\n\n\n<p style=\"text-align:right\" class=\"has-text-color has-background has-medium-font-size has-very-dark-gray-color has-pale-cyan-blue-background-color\">\u201cO Ros\u00e1rio \u00e9 a ora\u00e7\u00e3o que acompanha sempre a minha vida; \u00e9 tamb\u00e9m a ora\u00e7\u00e3o dos simples e dos santos\u2026 \u00e9 a ora\u00e7\u00e3o do meu cora\u00e7\u00e3o\u201d.<br>\nPapa Francisco<\/p>\n\n\n\n<p><\/p>\n\n\n\n<p><\/p>\n\n\n\n<h3>\u2026 na Igreja<\/h3>\n\n\n\n<div class=\"wp-block-image\"><figure class=\"aligncenter\"><img loading=\"lazy\" width=\"1024\" height=\"576\" src=\"http:\/\/paroquiagloria.org\/v2\/wp-content\/uploads\/2021\/05\/maratonadeoracao-1024x576.jpeg\" alt=\"\" class=\"wp-image-9366\" srcset=\"http:\/\/paroquiagloria.org\/v2\/wp-content\/uploads\/2021\/05\/maratonadeoracao-1024x576.jpeg 1024w, http:\/\/paroquiagloria.org\/v2\/wp-content\/uploads\/2021\/05\/maratonadeoracao-300x169.jpeg 300w, http:\/\/paroquiagloria.org\/v2\/wp-content\/uploads\/2021\/05\/maratonadeoracao-768x432.jpeg 768w, http:\/\/paroquiagloria.org\/v2\/wp-content\/uploads\/2021\/05\/maratonadeoracao.jpeg 1500w\" sizes=\"(max-width: 1024px) 100vw, 1024px\" \/><\/figure><\/div>\n\n\n\n<p><strong>Papa lan\u00e7a \u00abmaratona\u00bb de ora\u00e7\u00e3o pelo fim da pandemia<\/strong><br> O Papa Francisco iniciou este s\u00e1bado, dia 1 de maio, uma \u201cmaratona\u201d de ora\u00e7\u00e3o pelo fim da pandemia que vai decorrer ao longo do m\u00eas de maio com a recita\u00e7\u00e3o do Ros\u00e1rio. Esta \u201cmaratona\u201d de ora\u00e7\u00e3o tem como tema \u2018A ora\u00e7\u00e3o a Deus subiu incessante-mente de toda a Igreja (At 12,5)\u2019\u201d. A iniciativa vai envolver de maneira especial todos os santu\u00e1rios do mundo, \u201cpara que se tornem promotores junto dos fi\u00e9is, fam\u00edlias e comunidades da recita\u00e7\u00e3o do Ros\u00e1rio, invocando o fim da pandemia\u201d.<br> O pr\u00f3prio Papa vai inaugurar hoje esta iniciativa de ora\u00e7\u00e3o, encerrando-a tamb\u00e9m, no \u00faltimo dia do m\u00eas que, na tradi\u00e7\u00e3o cat\u00f3lica, \u00e9 particularmente dedicado \u00e0 ora\u00e7\u00e3o mariana.<\/p>\n\n\n\n<p style=\"text-align:right\">fonte: <a href=\"https:\/\/agencia.ecclesia.pt\/portal\/evento\/covid-19-papa-lanca-maratona-de-oracao-pelo-fim-da-pandemia\/\" target=\"_blank\" rel=\"noreferrer noopener\" aria-label=\"Ag\u00eancia Ecclesia (abre num novo separador)\">Ag\u00eancia Ecclesia<\/a><\/p>\n\n\n\n<p><\/p>\n\n\n\n<p><\/p>\n\n\n\n<p><\/p>\n","protected":false},"excerpt":{"rendered":"<p>\u2026 na Par\u00f3quia Catequeses Pascais As par\u00f3quias de Esgueira, Gl\u00f3ria e Vera Cruz acolhem a proposta diocesana de catequeses sobre a fam\u00edlia e ir\u00e3o propor 3 catequeses online sobre tem\u00e1ticas familiares como a educa\u00e7\u00e3o, a cultura da vida e o matrim\u00f3nio como sacramento. Estas catequeses ser\u00e3o lan\u00e7adas em formato de v\u00eddeo para que, mais facilmente [&hellip;]<\/p>\n","protected":false},"author":1,"featured_media":9367,"comment_status":"open","ping_status":"closed","sticky":false,"template":"","format":"standard","meta":{"ngg_post_thumbnail":0},"categories":[1,4,2,6,23],"tags":[],"_links":{"self":[{"href":"http:\/\/paroquiagloria.org\/v2\/index.php?rest_route=\/wp\/v2\/posts\/9365"}],"collection":[{"href":"http:\/\/paroquiagloria.org\/v2\/index.php?rest_route=\/wp\/v2\/posts"}],"about":[{"href":"http:\/\/paroquiagloria.org\/v2\/index.php?rest_route=\/wp\/v2\/types\/post"}],"author":[{"embeddable":true,"href":"http:\/\/paroquiagloria.org\/v2\/index.php?rest_route=\/wp\/v2\/users\/1"}],"replies":[{"embeddable":true,"href":"http:\/\/paroquiagloria.org\/v2\/index.php?rest_route=%2Fwp%2Fv2%2Fcomments&post=9365"}],"version-history":[{"count":1,"href":"http:\/\/paroquiagloria.org\/v2\/index.php?rest_route=\/wp\/v2\/posts\/9365\/revisions"}],"predecessor-version":[{"id":9368,"href":"http:\/\/paroquiagloria.org\/v2\/index.php?rest_route=\/wp\/v2\/posts\/9365\/revisions\/9368"}],"wp:featuredmedia":[{"embeddable":true,"href":"http:\/\/paroquiagloria.org\/v2\/index.php?rest_route=\/wp\/v2\/media\/9367"}],"wp:attachment":[{"href":"http:\/\/paroquiagloria.org\/v2\/index.php?rest_route=%2Fwp%2Fv2%2Fmedia&parent=9365"}],"wp:term":[{"taxonomy":"category","embeddable":true,"href":"http:\/\/paroquiagloria.org\/v2\/index.php?rest_route=%2Fwp%2Fv2%2Fcategories&post=9365"},{"taxonomy":"post_tag","embeddable":true,"href":"http:\/\/paroquiagloria.org\/v2\/index.php?rest_route=%2Fwp%2Fv2%2Ftags&post=9365"}],"curies":[{"name":"wp","href":"https:\/\/api.w.org\/{rel}","templated":true}]}}