{"id":9345,"date":"2021-04-24T18:48:49","date_gmt":"2021-04-24T18:48:49","guid":{"rendered":"http:\/\/paroquiagloria.org\/v2\/?p=9345"},"modified":"2021-04-24T18:48:50","modified_gmt":"2021-04-24T18:48:50","slug":"para-saber-mais-sobre-vocacao","status":"publish","type":"post","link":"http:\/\/paroquiagloria.org\/v2\/?p=9345","title":{"rendered":"Para saber mais sobre voca\u00e7\u00e3o\u2026"},"content":{"rendered":"\n<div class=\"wp-block-image\"><figure class=\"aligncenter\"><img loading=\"lazy\" width=\"1024\" height=\"492\" src=\"http:\/\/paroquiagloria.org\/v2\/wp-content\/uploads\/2021\/04\/logo_vocacoes-1024x492.jpg\" alt=\"\" class=\"wp-image-9349\" srcset=\"http:\/\/paroquiagloria.org\/v2\/wp-content\/uploads\/2021\/04\/logo_vocacoes-1024x492.jpg 1024w, http:\/\/paroquiagloria.org\/v2\/wp-content\/uploads\/2021\/04\/logo_vocacoes-300x144.jpg 300w, http:\/\/paroquiagloria.org\/v2\/wp-content\/uploads\/2021\/04\/logo_vocacoes-768x369.jpg 768w, http:\/\/paroquiagloria.org\/v2\/wp-content\/uploads\/2021\/04\/logo_vocacoes.jpg 1772w\" sizes=\"(max-width: 1024px) 100vw, 1024px\" \/><\/figure><\/div>\n\n\n\n<p>Para aprofundarem mais este tema, os jovens podem aproximar-se do <a rel=\"noreferrer noopener\" aria-label=\"Semin\u00e1rio Diocesano de Aveiro (abre num novo separador)\" href=\"https:\/\/seminarioaveiro.org\/\" target=\"_blank\">Semin\u00e1rio Diocesano de Aveiro<\/a> ou a <a rel=\"noreferrer noopener\" aria-label=\"Casa do Sagrado Cora\u00e7\u00e3o de Jesus (abre num novo separador)\" href=\"https:\/\/www.dehonianos.org\/portal\/aveiro-casa-do-sagrado-coracao-de-jesus\/\" target=\"_blank\">Casa do Sagrado Cora\u00e7\u00e3o de Jesus<\/a> (sacerd\u00f3cio); as <a rel=\"noreferrer noopener\" aria-label=\"Servas de Nossa Senhora de F\u00e1tima (abre num novo separador)\" href=\"https:\/\/www.servasnsfatima.org\/inicio\/portugal\/regiao-da-imaculada-conceicao\/aveiro\" target=\"_blank\">Servas de Nossa Senhora de F\u00e1tima<\/a>, as <a rel=\"noreferrer noopener\" aria-label=\"irm\u00e3s Dominicanas (abre num novo separador)\" href=\"https:\/\/paroquiagloria.org\/v2\/?page_id=210\" target=\"_blank\">irm\u00e3s Dominicanas<\/a> e as <a rel=\"noreferrer noopener\" aria-label=\"irm\u00e3s do Amor de Deus (abre num novo separador)\" href=\"https:\/\/seminarioaveiro.org\/comunidade\/comunidade-das-religiosas-amor-de-deus\/\" target=\"_blank\">irm\u00e3s do Amor de Deus<\/a> (religiosas de vida ativa); as <a rel=\"noreferrer noopener\" aria-label=\"irm\u00e3s Carmelitas Descal\u00e7as (abre num novo separador)\" href=\"https:\/\/carmeloaveiro.carmelitas.pt\/\" target=\"_blank\">irm\u00e3s Carmelitas Descal\u00e7as<\/a> (religiosas de vida contemplativa, em S. Bernardo) e as <a rel=\"noreferrer noopener\" aria-label=\"Cooperadoras da Fam\u00edlia (abre num novo separador)\" href=\"https:\/\/paroquiagloria.org\/v2\/?page_id=224\" target=\"_blank\">Cooperadoras da Fam\u00edlia<\/a>, <a rel=\"noreferrer noopener\" aria-label=\"Auxiliares do Apostolado (abre num novo separador)\" href=\"http:\/\/diocese-aveiro.pt\/v3\/comunidades-e-vida-religiosa\/outros-formas-de-vida-consagrada\/\" target=\"_blank\">Auxiliares do Apostolado<\/a>, <a rel=\"noreferrer noopener\" aria-label=\"Caritas Christi (abre num novo separador)\" href=\"http:\/\/diocese-aveiro.pt\/v3\/comunidades-e-vida-religiosa\/institutos-seculares\/\" target=\"_blank\">Caritas Christi<\/a> e <a rel=\"noreferrer noopener\" aria-label=\"Instituto Secular Feminino - Famille Cor Unum (abre num novo separador)\" href=\"http:\/\/www.anuariocatolicoportugal.net\/dioceses\/ficha_comunidade_institutosseculares.asp?institutosecularid=191&amp;dioceseid=3\" target=\"_blank\">Instituto Secular Feminino &#8211; Famille Cor Unum<\/a> (Institutos seculares).<br> <br> Podem, tamb\u00e9m, acompanhar as propostas do Servi\u00e7o das Voca\u00e7\u00f5es, Acolhimento e Forma\u00e7\u00e3o Espiritual atrav\u00e9s do:<\/p>\n\n\n\n<ul><li>Facebook (https:\/\/www.facebook.com\/svafe\/)<\/li><li>Instagram (https:\/\/www.instagram.com\/vocacoesaveiro\/). e <\/li><li>do site da Diocese (http:\/\/www.diocese-aveiro.pt\/v2\/?p=20595).<\/li><\/ul>\n\n\n\n<p><\/p>\n","protected":false},"excerpt":{"rendered":"<p>Para aprofundarem mais este tema, os jovens podem aproximar-se do Semin\u00e1rio Diocesano de Aveiro ou a Casa do Sagrado Cora\u00e7\u00e3o de Jesus (sacerd\u00f3cio); as Servas de Nossa Senhora de F\u00e1tima, as irm\u00e3s Dominicanas e as irm\u00e3s do Amor de Deus (religiosas de vida ativa); as irm\u00e3s Carmelitas Descal\u00e7as (religiosas de vida contemplativa, em S. Bernardo) [&hellip;]<\/p>\n","protected":false},"author":1,"featured_media":9348,"comment_status":"open","ping_status":"closed","sticky":false,"template":"","format":"standard","meta":{"ngg_post_thumbnail":0},"categories":[1,4,2,6,23],"tags":[],"_links":{"self":[{"href":"http:\/\/paroquiagloria.org\/v2\/index.php?rest_route=\/wp\/v2\/posts\/9345"}],"collection":[{"href":"http:\/\/paroquiagloria.org\/v2\/index.php?rest_route=\/wp\/v2\/posts"}],"about":[{"href":"http:\/\/paroquiagloria.org\/v2\/index.php?rest_route=\/wp\/v2\/types\/post"}],"author":[{"embeddable":true,"href":"http:\/\/paroquiagloria.org\/v2\/index.php?rest_route=\/wp\/v2\/users\/1"}],"replies":[{"embeddable":true,"href":"http:\/\/paroquiagloria.org\/v2\/index.php?rest_route=%2Fwp%2Fv2%2Fcomments&post=9345"}],"version-history":[{"count":1,"href":"http:\/\/paroquiagloria.org\/v2\/index.php?rest_route=\/wp\/v2\/posts\/9345\/revisions"}],"predecessor-version":[{"id":9350,"href":"http:\/\/paroquiagloria.org\/v2\/index.php?rest_route=\/wp\/v2\/posts\/9345\/revisions\/9350"}],"wp:featuredmedia":[{"embeddable":true,"href":"http:\/\/paroquiagloria.org\/v2\/index.php?rest_route=\/wp\/v2\/media\/9348"}],"wp:attachment":[{"href":"http:\/\/paroquiagloria.org\/v2\/index.php?rest_route=%2Fwp%2Fv2%2Fmedia&parent=9345"}],"wp:term":[{"taxonomy":"category","embeddable":true,"href":"http:\/\/paroquiagloria.org\/v2\/index.php?rest_route=%2Fwp%2Fv2%2Fcategories&post=9345"},{"taxonomy":"post_tag","embeddable":true,"href":"http:\/\/paroquiagloria.org\/v2\/index.php?rest_route=%2Fwp%2Fv2%2Ftags&post=9345"}],"curies":[{"name":"wp","href":"https:\/\/api.w.org\/{rel}","templated":true}]}}