{"id":9329,"date":"2021-04-17T19:26:43","date_gmt":"2021-04-17T19:26:43","guid":{"rendered":"http:\/\/paroquiagloria.org\/v2\/?p=9329"},"modified":"2021-04-17T19:26:44","modified_gmt":"2021-04-17T19:26:44","slug":"concerto-da-pascoa","status":"publish","type":"post","link":"http:\/\/paroquiagloria.org\/v2\/?p=9329","title":{"rendered":"Concerto da P\u00e1scoa"},"content":{"rendered":"\n<div class=\"wp-block-image\"><figure class=\"aligncenter\"><img loading=\"lazy\" width=\"725\" height=\"1024\" src=\"http:\/\/paroquiagloria.org\/v2\/wp-content\/uploads\/2021\/04\/CantosdoTempo-725x1024.jpg\" alt=\"\" class=\"wp-image-9293\" srcset=\"http:\/\/paroquiagloria.org\/v2\/wp-content\/uploads\/2021\/04\/CantosdoTempo-725x1024.jpg 725w, http:\/\/paroquiagloria.org\/v2\/wp-content\/uploads\/2021\/04\/CantosdoTempo-212x300.jpg 212w, http:\/\/paroquiagloria.org\/v2\/wp-content\/uploads\/2021\/04\/CantosdoTempo-768x1085.jpg 768w, http:\/\/paroquiagloria.org\/v2\/wp-content\/uploads\/2021\/04\/CantosdoTempo.jpg 1449w\" sizes=\"(max-width: 725px) 100vw, 725px\" \/><\/figure><\/div>\n\n\n\n<p>J\u00e1 reservou a noite do pr\u00f3ximo s\u00e1bado, dia 24, \u00e0s 21h30, para o primeiro dos Concertos, que tem como t\u00edtulo &#8220;Cantos do Tempo&#8221; ? <br>\nN\u00e3o perca a oportunidade de um ser\u00e3o espiritualmente rico, com a interpreta\u00e7\u00e3o de pe\u00e7as de m\u00fasica sacra,  de v\u00e1rios autores.<br>\nNeste primeiro concerto, al\u00e9m de \u00f3rg\u00e3o, marcar\u00e1 tamb\u00e9m presen\u00e7a um quarteto de cordas.<br>\nA entrada, como sempre, \u00e9 livre, apenas condicionada  \u00e0 lota\u00e7\u00e3o do espa\u00e7o, ao uso de m\u00e1scara e \u00e0 higiene das m\u00e3os.<\/p>\n","protected":false},"excerpt":{"rendered":"<p>J\u00e1 reservou a noite do pr\u00f3ximo s\u00e1bado, dia 24, \u00e0s 21h30, para o primeiro dos Concertos, que tem como t\u00edtulo &#8220;Cantos do Tempo&#8221; ? N\u00e3o perca a oportunidade de um ser\u00e3o espiritualmente rico, com a interpreta\u00e7\u00e3o de pe\u00e7as de m\u00fasica sacra, de v\u00e1rios autores. Neste primeiro concerto, al\u00e9m de \u00f3rg\u00e3o, marcar\u00e1 tamb\u00e9m presen\u00e7a um quarteto [&hellip;]<\/p>\n","protected":false},"author":1,"featured_media":9287,"comment_status":"open","ping_status":"closed","sticky":false,"template":"","format":"standard","meta":{"ngg_post_thumbnail":0},"categories":[1,4,2,6,23],"tags":[],"_links":{"self":[{"href":"http:\/\/paroquiagloria.org\/v2\/index.php?rest_route=\/wp\/v2\/posts\/9329"}],"collection":[{"href":"http:\/\/paroquiagloria.org\/v2\/index.php?rest_route=\/wp\/v2\/posts"}],"about":[{"href":"http:\/\/paroquiagloria.org\/v2\/index.php?rest_route=\/wp\/v2\/types\/post"}],"author":[{"embeddable":true,"href":"http:\/\/paroquiagloria.org\/v2\/index.php?rest_route=\/wp\/v2\/users\/1"}],"replies":[{"embeddable":true,"href":"http:\/\/paroquiagloria.org\/v2\/index.php?rest_route=%2Fwp%2Fv2%2Fcomments&post=9329"}],"version-history":[{"count":1,"href":"http:\/\/paroquiagloria.org\/v2\/index.php?rest_route=\/wp\/v2\/posts\/9329\/revisions"}],"predecessor-version":[{"id":9330,"href":"http:\/\/paroquiagloria.org\/v2\/index.php?rest_route=\/wp\/v2\/posts\/9329\/revisions\/9330"}],"wp:featuredmedia":[{"embeddable":true,"href":"http:\/\/paroquiagloria.org\/v2\/index.php?rest_route=\/wp\/v2\/media\/9287"}],"wp:attachment":[{"href":"http:\/\/paroquiagloria.org\/v2\/index.php?rest_route=%2Fwp%2Fv2%2Fmedia&parent=9329"}],"wp:term":[{"taxonomy":"category","embeddable":true,"href":"http:\/\/paroquiagloria.org\/v2\/index.php?rest_route=%2Fwp%2Fv2%2Fcategories&post=9329"},{"taxonomy":"post_tag","embeddable":true,"href":"http:\/\/paroquiagloria.org\/v2\/index.php?rest_route=%2Fwp%2Fv2%2Ftags&post=9329"}],"curies":[{"name":"wp","href":"https:\/\/api.w.org\/{rel}","templated":true}]}}