{"id":9327,"date":"2021-04-17T19:25:34","date_gmt":"2021-04-17T19:25:34","guid":{"rendered":"http:\/\/paroquiagloria.org\/v2\/?p=9327"},"modified":"2021-04-17T19:25:35","modified_gmt":"2021-04-17T19:25:35","slug":"conversas-a-sobremesa","status":"publish","type":"post","link":"http:\/\/paroquiagloria.org\/v2\/?p=9327","title":{"rendered":"&#8220;CONVERSAS \u00e0 SOBREMESA&#8221;"},"content":{"rendered":"\n<div class=\"wp-block-image\"><figure class=\"aligncenter\"><img loading=\"lazy\" width=\"585\" height=\"584\" src=\"http:\/\/paroquiagloria.org\/v2\/wp-content\/uploads\/2021\/03\/convesassobremesa.jpg\" alt=\"\" class=\"wp-image-9198\" srcset=\"http:\/\/paroquiagloria.org\/v2\/wp-content\/uploads\/2021\/03\/convesassobremesa.jpg 585w, http:\/\/paroquiagloria.org\/v2\/wp-content\/uploads\/2021\/03\/convesassobremesa-150x150.jpg 150w, http:\/\/paroquiagloria.org\/v2\/wp-content\/uploads\/2021\/03\/convesassobremesa-300x300.jpg 300w, http:\/\/paroquiagloria.org\/v2\/wp-content\/uploads\/2021\/03\/convesassobremesa-185x185.jpg 185w, http:\/\/paroquiagloria.org\/v2\/wp-content\/uploads\/2021\/03\/convesassobremesa-184x184.jpg 184w\" sizes=\"(max-width: 585px) 100vw, 585px\" \/><\/figure><\/div>\n\n\n\n<p>\u00c9 uma iniciativa do Secretariado de Pastoral Familiar da Par\u00f3quia, com periodicidade mensal, sobre temas que julgamos actuais, sempre relacionados com a fam\u00edlia. <br> A pandemia que ainda nos aflige  alterou substancialmente a vida das fam\u00edlias, com ensino, catequese, celebra\u00e7\u00f5es  \u00e0 dist\u00e2ncia\u2026 <br> H\u00e1 que reconhecer  aspectos positivos e negativos, bem como alertar para <strong>\u201cos perigos deste mundo digital na fam\u00edlia\u201d<\/strong>. \u00c9 este o assunto da &#8220;conversa&#8221; do m\u00eas, que h\u00e1-de ir para o ar, no dia 30, se Deus quiser, com a ajuda especializada de um Respons\u00e1vel da Pol\u00edcia Judici\u00e1ria, com sede em Aveiro. <br> Escusado ser\u00e1 real\u00e7ar a import\u00e2ncia do tema, <strong>especialmente para os pais de filhos em catequese, que a Par\u00f3quia transmitir\u00e1 pelos seus meios de comunica\u00e7\u00e3o digital, na noite de 30 do corrente.<\/strong><\/p>\n","protected":false},"excerpt":{"rendered":"<p>\u00c9 uma iniciativa do Secretariado de Pastoral Familiar da Par\u00f3quia, com periodicidade mensal, sobre temas que julgamos actuais, sempre relacionados com a fam\u00edlia. A pandemia que ainda nos aflige alterou substancialmente a vida das fam\u00edlias, com ensino, catequese, celebra\u00e7\u00f5es \u00e0 dist\u00e2ncia\u2026 H\u00e1 que reconhecer aspectos positivos e negativos, bem como alertar para \u201cos perigos deste [&hellip;]<\/p>\n","protected":false},"author":1,"featured_media":9197,"comment_status":"open","ping_status":"closed","sticky":false,"template":"","format":"standard","meta":{"ngg_post_thumbnail":0},"categories":[1,4,2,6,23],"tags":[],"_links":{"self":[{"href":"http:\/\/paroquiagloria.org\/v2\/index.php?rest_route=\/wp\/v2\/posts\/9327"}],"collection":[{"href":"http:\/\/paroquiagloria.org\/v2\/index.php?rest_route=\/wp\/v2\/posts"}],"about":[{"href":"http:\/\/paroquiagloria.org\/v2\/index.php?rest_route=\/wp\/v2\/types\/post"}],"author":[{"embeddable":true,"href":"http:\/\/paroquiagloria.org\/v2\/index.php?rest_route=\/wp\/v2\/users\/1"}],"replies":[{"embeddable":true,"href":"http:\/\/paroquiagloria.org\/v2\/index.php?rest_route=%2Fwp%2Fv2%2Fcomments&post=9327"}],"version-history":[{"count":1,"href":"http:\/\/paroquiagloria.org\/v2\/index.php?rest_route=\/wp\/v2\/posts\/9327\/revisions"}],"predecessor-version":[{"id":9328,"href":"http:\/\/paroquiagloria.org\/v2\/index.php?rest_route=\/wp\/v2\/posts\/9327\/revisions\/9328"}],"wp:featuredmedia":[{"embeddable":true,"href":"http:\/\/paroquiagloria.org\/v2\/index.php?rest_route=\/wp\/v2\/media\/9197"}],"wp:attachment":[{"href":"http:\/\/paroquiagloria.org\/v2\/index.php?rest_route=%2Fwp%2Fv2%2Fmedia&parent=9327"}],"wp:term":[{"taxonomy":"category","embeddable":true,"href":"http:\/\/paroquiagloria.org\/v2\/index.php?rest_route=%2Fwp%2Fv2%2Fcategories&post=9327"},{"taxonomy":"post_tag","embeddable":true,"href":"http:\/\/paroquiagloria.org\/v2\/index.php?rest_route=%2Fwp%2Fv2%2Ftags&post=9327"}],"curies":[{"name":"wp","href":"https:\/\/api.w.org\/{rel}","templated":true}]}}