{"id":9311,"date":"2021-04-10T18:52:54","date_gmt":"2021-04-10T18:52:54","guid":{"rendered":"http:\/\/paroquiagloria.org\/v2\/?p=9311"},"modified":"2021-04-10T18:52:55","modified_gmt":"2021-04-10T18:52:55","slug":"cantos-do-tempo","status":"publish","type":"post","link":"http:\/\/paroquiagloria.org\/v2\/?p=9311","title":{"rendered":"&#8221; CANTOS do TEMPO &#8220;"},"content":{"rendered":"\n<div class=\"wp-block-image\"><figure class=\"aligncenter\"><img loading=\"lazy\" width=\"725\" height=\"1024\" src=\"http:\/\/paroquiagloria.org\/v2\/wp-content\/uploads\/2021\/04\/CantosdoTempo-725x1024.jpg\" alt=\"\" class=\"wp-image-9293\" srcset=\"http:\/\/paroquiagloria.org\/v2\/wp-content\/uploads\/2021\/04\/CantosdoTempo-725x1024.jpg 725w, http:\/\/paroquiagloria.org\/v2\/wp-content\/uploads\/2021\/04\/CantosdoTempo-212x300.jpg 212w, http:\/\/paroquiagloria.org\/v2\/wp-content\/uploads\/2021\/04\/CantosdoTempo-768x1085.jpg 768w, http:\/\/paroquiagloria.org\/v2\/wp-content\/uploads\/2021\/04\/CantosdoTempo.jpg 1449w\" sizes=\"(max-width: 725px) 100vw, 725px\" \/><\/figure><\/div>\n\n\n\n<p>Reserve desde j\u00e1 a noite de 24 de ABRIL para o primeiro de um ciclo de concertos, que, sob o t\u00edtulo &#8220;Cantos do Tempo\u201d, vai ter lugar na nossa Igreja Paroquial.<br> \u00c9 uma iniciativa feliz. <br> H\u00e1 muito que a nossa Igreja n\u00e3o proporciona &#8220;momentos de cultura e espiritualidade, atrav\u00e9s de pe\u00e7as de m\u00fasica sacra, umas mais pr\u00f3prias da liturgia do que outras, interpretadas por Coro e \u00d3rg\u00e3o&#8221; e,  \u00e0s vezes, por outros instrumentos.<br> Neste primeiro concerto, enriquecido com um Quarteto de Cordas, ser\u00e3o interpretadas pe\u00e7as de v\u00e1rios autores. Um belo ser\u00e3o a n\u00e3o perder no<strong> dia 24 de Abril, com in\u00edcio \u00e0s 21H30<\/strong>. <br> A entrada, como sempre, \u00e9 livre, estando apenas condicionada \u00e0 lota\u00e7\u00e3o do espa\u00e7o, ao uso da m\u00e1scara e \u00e0 higiene das m\u00e3os. <br> <\/p>\n\n\n\n<p style=\"text-align:right\"><em>P. Fausto<\/em><\/p>\n","protected":false},"excerpt":{"rendered":"<p>Reserve desde j\u00e1 a noite de 24 de ABRIL para o primeiro de um ciclo de concertos, que, sob o t\u00edtulo &#8220;Cantos do Tempo\u201d, vai ter lugar na nossa Igreja Paroquial. \u00c9 uma iniciativa feliz. H\u00e1 muito que a nossa Igreja n\u00e3o proporciona &#8220;momentos de cultura e espiritualidade, atrav\u00e9s de pe\u00e7as de m\u00fasica sacra, umas [&hellip;]<\/p>\n","protected":false},"author":1,"featured_media":9287,"comment_status":"open","ping_status":"closed","sticky":false,"template":"","format":"standard","meta":{"ngg_post_thumbnail":0},"categories":[1,4,2,6,23],"tags":[],"_links":{"self":[{"href":"http:\/\/paroquiagloria.org\/v2\/index.php?rest_route=\/wp\/v2\/posts\/9311"}],"collection":[{"href":"http:\/\/paroquiagloria.org\/v2\/index.php?rest_route=\/wp\/v2\/posts"}],"about":[{"href":"http:\/\/paroquiagloria.org\/v2\/index.php?rest_route=\/wp\/v2\/types\/post"}],"author":[{"embeddable":true,"href":"http:\/\/paroquiagloria.org\/v2\/index.php?rest_route=\/wp\/v2\/users\/1"}],"replies":[{"embeddable":true,"href":"http:\/\/paroquiagloria.org\/v2\/index.php?rest_route=%2Fwp%2Fv2%2Fcomments&post=9311"}],"version-history":[{"count":1,"href":"http:\/\/paroquiagloria.org\/v2\/index.php?rest_route=\/wp\/v2\/posts\/9311\/revisions"}],"predecessor-version":[{"id":9312,"href":"http:\/\/paroquiagloria.org\/v2\/index.php?rest_route=\/wp\/v2\/posts\/9311\/revisions\/9312"}],"wp:featuredmedia":[{"embeddable":true,"href":"http:\/\/paroquiagloria.org\/v2\/index.php?rest_route=\/wp\/v2\/media\/9287"}],"wp:attachment":[{"href":"http:\/\/paroquiagloria.org\/v2\/index.php?rest_route=%2Fwp%2Fv2%2Fmedia&parent=9311"}],"wp:term":[{"taxonomy":"category","embeddable":true,"href":"http:\/\/paroquiagloria.org\/v2\/index.php?rest_route=%2Fwp%2Fv2%2Fcategories&post=9311"},{"taxonomy":"post_tag","embeddable":true,"href":"http:\/\/paroquiagloria.org\/v2\/index.php?rest_route=%2Fwp%2Fv2%2Ftags&post=9311"}],"curies":[{"name":"wp","href":"https:\/\/api.w.org\/{rel}","templated":true}]}}