{"id":9309,"date":"2021-04-10T18:51:35","date_gmt":"2021-04-10T18:51:35","guid":{"rendered":"http:\/\/paroquiagloria.org\/v2\/?p=9309"},"modified":"2021-04-10T18:51:36","modified_gmt":"2021-04-10T18:51:36","slug":"domingo-da-misericordia","status":"publish","type":"post","link":"http:\/\/paroquiagloria.org\/v2\/?p=9309","title":{"rendered":"Domingo da miseric\u00f3rdia"},"content":{"rendered":"\n<div class=\"wp-block-image\"><figure class=\"aligncenter\"><img loading=\"lazy\" width=\"233\" height=\"500\" src=\"http:\/\/paroquiagloria.org\/v2\/wp-content\/uploads\/2021\/04\/misericordia.jpg\" alt=\"\" class=\"wp-image-9297\" srcset=\"http:\/\/paroquiagloria.org\/v2\/wp-content\/uploads\/2021\/04\/misericordia.jpg 233w, http:\/\/paroquiagloria.org\/v2\/wp-content\/uploads\/2021\/04\/misericordia-140x300.jpg 140w\" sizes=\"(max-width: 233px) 100vw, 233px\" \/><\/figure><\/div>\n\n\n\n<p>Pedir a Cristo misericordioso a gra\u00e7a do perd\u00e3o e do amor operoso pelo pr\u00f3ximo: assim, o Papa Francisco recorda a Festa da Divina Miseric\u00f3rdia, que a Igreja celebrar\u00e1 no pr\u00f3ximo domingo.<br> O Pont\u00edfice cita S\u00e3o Jo\u00e3o Paulo II que, ao institui-la, &#8220;nos recorda que a liturgia parece tra\u00e7ar o caminho da miseric\u00f3rdia que, enquanto reconstr\u00f3i a rela\u00e7\u00e3o de cada um com Deus, suscita tamb\u00e9m entre os homens novas rela\u00e7\u00f5es de fraterna solidariedade&#8221;.<br> &#8220;Cristo nos recordou que o homem n\u00e3o somente recebe e experimenta a miseric\u00f3rdia de Deus, mas tamb\u00e9m \u00e9 chamado a \u2018usar miseric\u00f3rdia\u2019 para com os outros: Bem-aventurados os misericordiosos, porque encontrar\u00e3o miseric\u00f3rdia (Mt 5, 7).&#8221;<br> \u201cDirijamo-nos confiantes a Cristo misericordioso e pe\u00e7amos a gra\u00e7a do perd\u00e3o e do amor  operoso pelo pr\u00f3ximo\u201d, exortou o Santo Padre.<br> <\/p>\n\n\n\n<p style=\"text-align:right\"><em>fonte: <a rel=\"noreferrer noopener\" aria-label=\"VaticanNews (abre num novo separador)\" href=\"https:\/\/www.vaticannews.va\/pt\/papa\/news\/2021-04\/papa-francisco-divina-misericordia-transmissao-missa.html\" target=\"_blank\">VaticanNews<\/a><\/em><\/p>\n\n\n\n<p><\/p>\n","protected":false},"excerpt":{"rendered":"<p>Pedir a Cristo misericordioso a gra\u00e7a do perd\u00e3o e do amor operoso pelo pr\u00f3ximo: assim, o Papa Francisco recorda a Festa da Divina Miseric\u00f3rdia, que a Igreja celebrar\u00e1 no pr\u00f3ximo domingo. O Pont\u00edfice cita S\u00e3o Jo\u00e3o Paulo II que, ao institui-la, &#8220;nos recorda que a liturgia parece tra\u00e7ar o caminho da miseric\u00f3rdia que, enquanto reconstr\u00f3i [&hellip;]<\/p>\n","protected":false},"author":1,"featured_media":9296,"comment_status":"open","ping_status":"closed","sticky":false,"template":"","format":"standard","meta":{"ngg_post_thumbnail":0},"categories":[1,4,2,6],"tags":[],"_links":{"self":[{"href":"http:\/\/paroquiagloria.org\/v2\/index.php?rest_route=\/wp\/v2\/posts\/9309"}],"collection":[{"href":"http:\/\/paroquiagloria.org\/v2\/index.php?rest_route=\/wp\/v2\/posts"}],"about":[{"href":"http:\/\/paroquiagloria.org\/v2\/index.php?rest_route=\/wp\/v2\/types\/post"}],"author":[{"embeddable":true,"href":"http:\/\/paroquiagloria.org\/v2\/index.php?rest_route=\/wp\/v2\/users\/1"}],"replies":[{"embeddable":true,"href":"http:\/\/paroquiagloria.org\/v2\/index.php?rest_route=%2Fwp%2Fv2%2Fcomments&post=9309"}],"version-history":[{"count":1,"href":"http:\/\/paroquiagloria.org\/v2\/index.php?rest_route=\/wp\/v2\/posts\/9309\/revisions"}],"predecessor-version":[{"id":9310,"href":"http:\/\/paroquiagloria.org\/v2\/index.php?rest_route=\/wp\/v2\/posts\/9309\/revisions\/9310"}],"wp:featuredmedia":[{"embeddable":true,"href":"http:\/\/paroquiagloria.org\/v2\/index.php?rest_route=\/wp\/v2\/media\/9296"}],"wp:attachment":[{"href":"http:\/\/paroquiagloria.org\/v2\/index.php?rest_route=%2Fwp%2Fv2%2Fmedia&parent=9309"}],"wp:term":[{"taxonomy":"category","embeddable":true,"href":"http:\/\/paroquiagloria.org\/v2\/index.php?rest_route=%2Fwp%2Fv2%2Fcategories&post=9309"},{"taxonomy":"post_tag","embeddable":true,"href":"http:\/\/paroquiagloria.org\/v2\/index.php?rest_route=%2Fwp%2Fv2%2Ftags&post=9309"}],"curies":[{"name":"wp","href":"https:\/\/api.w.org\/{rel}","templated":true}]}}