{"id":9307,"date":"2021-04-10T18:49:40","date_gmt":"2021-04-10T18:49:40","guid":{"rendered":"http:\/\/paroquiagloria.org\/v2\/?p=9307"},"modified":"2021-04-10T18:49:41","modified_gmt":"2021-04-10T18:49:41","slug":"retoma-da-catequese-presencial","status":"publish","type":"post","link":"http:\/\/paroquiagloria.org\/v2\/?p=9307","title":{"rendered":"Retoma da catequese presencial"},"content":{"rendered":"\n<div class=\"wp-block-image\"><figure class=\"aligncenter\"><img loading=\"lazy\" width=\"658\" height=\"720\" src=\"http:\/\/paroquiagloria.org\/v2\/wp-content\/uploads\/2021\/04\/jesus-e-os-pequeninos-04.jpg\" alt=\"\" class=\"wp-image-9303\" srcset=\"http:\/\/paroquiagloria.org\/v2\/wp-content\/uploads\/2021\/04\/jesus-e-os-pequeninos-04.jpg 658w, http:\/\/paroquiagloria.org\/v2\/wp-content\/uploads\/2021\/04\/jesus-e-os-pequeninos-04-274x300.jpg 274w\" sizes=\"(max-width: 658px) 100vw, 658px\" \/><\/figure><\/div>\n\n\n\n<p>Ainda que ao longo destes meses de confinamento, n\u00e3o tenhamos suspendido a catequese, pois continuou online e por meios dos subs\u00eddios que eram fornecidos \u00e0s fam\u00edlias, reconhecemos que se torna uma mais valia regressar \u00e0 catequese de forma f\u00edsica. Assim, no pr\u00f3ximo dia <strong>19 de abril<\/strong> retomamos a catequese presencial na nossa Par\u00f3quia, com os dias e hor\u00e1rios definidos no in\u00edcio do ano. As normas sanit\u00e1rias continuar\u00e3o a ser cumpridas com o m\u00e1ximo de rigor!<\/p>\n","protected":false},"excerpt":{"rendered":"<p>Ainda que ao longo destes meses de confinamento, n\u00e3o tenhamos suspendido a catequese, pois continuou online e por meios dos subs\u00eddios que eram fornecidos \u00e0s fam\u00edlias, reconhecemos que se torna uma mais valia regressar \u00e0 catequese de forma f\u00edsica. Assim, no pr\u00f3ximo dia 19 de abril retomamos a catequese presencial na nossa Par\u00f3quia, com os [&hellip;]<\/p>\n","protected":false},"author":1,"featured_media":9298,"comment_status":"open","ping_status":"closed","sticky":false,"template":"","format":"standard","meta":{"ngg_post_thumbnail":0},"categories":[1,4,2,6,23],"tags":[],"_links":{"self":[{"href":"http:\/\/paroquiagloria.org\/v2\/index.php?rest_route=\/wp\/v2\/posts\/9307"}],"collection":[{"href":"http:\/\/paroquiagloria.org\/v2\/index.php?rest_route=\/wp\/v2\/posts"}],"about":[{"href":"http:\/\/paroquiagloria.org\/v2\/index.php?rest_route=\/wp\/v2\/types\/post"}],"author":[{"embeddable":true,"href":"http:\/\/paroquiagloria.org\/v2\/index.php?rest_route=\/wp\/v2\/users\/1"}],"replies":[{"embeddable":true,"href":"http:\/\/paroquiagloria.org\/v2\/index.php?rest_route=%2Fwp%2Fv2%2Fcomments&post=9307"}],"version-history":[{"count":1,"href":"http:\/\/paroquiagloria.org\/v2\/index.php?rest_route=\/wp\/v2\/posts\/9307\/revisions"}],"predecessor-version":[{"id":9308,"href":"http:\/\/paroquiagloria.org\/v2\/index.php?rest_route=\/wp\/v2\/posts\/9307\/revisions\/9308"}],"wp:featuredmedia":[{"embeddable":true,"href":"http:\/\/paroquiagloria.org\/v2\/index.php?rest_route=\/wp\/v2\/media\/9298"}],"wp:attachment":[{"href":"http:\/\/paroquiagloria.org\/v2\/index.php?rest_route=%2Fwp%2Fv2%2Fmedia&parent=9307"}],"wp:term":[{"taxonomy":"category","embeddable":true,"href":"http:\/\/paroquiagloria.org\/v2\/index.php?rest_route=%2Fwp%2Fv2%2Fcategories&post=9307"},{"taxonomy":"post_tag","embeddable":true,"href":"http:\/\/paroquiagloria.org\/v2\/index.php?rest_route=%2Fwp%2Fv2%2Ftags&post=9307"}],"curies":[{"name":"wp","href":"https:\/\/api.w.org\/{rel}","templated":true}]}}