{"id":9305,"date":"2021-04-10T18:46:26","date_gmt":"2021-04-10T18:46:26","guid":{"rendered":"http:\/\/paroquiagloria.org\/v2\/?p=9305"},"modified":"2021-04-10T18:46:28","modified_gmt":"2021-04-10T18:46:28","slug":"caminhada-para-tempo-pascal","status":"publish","type":"post","link":"http:\/\/paroquiagloria.org\/v2\/?p=9305","title":{"rendered":"Caminhada para tempo pascal"},"content":{"rendered":"\n<figure class=\"wp-block-image\"><img loading=\"lazy\" width=\"1024\" height=\"609\" src=\"http:\/\/paroquiagloria.org\/v2\/wp-content\/uploads\/2021\/04\/banner_07_somoscorpo-de-cristo-1024x609.jpg\" alt=\"\" class=\"wp-image-9302\" srcset=\"http:\/\/paroquiagloria.org\/v2\/wp-content\/uploads\/2021\/04\/banner_07_somoscorpo-de-cristo-1024x609.jpg 1024w, http:\/\/paroquiagloria.org\/v2\/wp-content\/uploads\/2021\/04\/banner_07_somoscorpo-de-cristo-300x178.jpg 300w, http:\/\/paroquiagloria.org\/v2\/wp-content\/uploads\/2021\/04\/banner_07_somoscorpo-de-cristo-768x457.jpg 768w, http:\/\/paroquiagloria.org\/v2\/wp-content\/uploads\/2021\/04\/banner_07_somoscorpo-de-cristo.jpg 1938w\" sizes=\"(max-width: 1024px) 100vw, 1024px\" \/><\/figure>\n\n\n\n<p>O Departamento de Pastoral Juvenil da Diocese de Aveiro, apresentou a sua proposta de caminhada para o tempo pascal.<br> \u201cNesta caminhada que propomos, desafiamos-te a aprofundares esta tua perten\u00e7a a este Corpo de Cristo. A descobrires que n\u00e3o est\u00e1s sozinho, mas que \u00e9s parte de algo maior \u2013 o nosso corpo tem partes diferentes que fazem \u201ccoisas\u201d diferentes, e todas fazem falta; tamb\u00e9m neste grande Corpo de Cristo que somos, n\u00e3o somos todos iguais, mas todos fazemos falta e todos somos MUITO importantes. Juntos, SOMOS CORPO DE CRISTO RESSUSCITADO.\u201d, refere o Pe. Leonel.<\/p>\n\n\n\n<p><em>fonte: <a href=\"http:\/\/www.diocese-aveiro.pt\/v2\/?p=20547\" target=\"_blank\" rel=\"noreferrer noopener\" aria-label=\"DioceseAveiro (abre num novo separador)\">DioceseAveiro<\/a><\/em><\/p>\n","protected":false},"excerpt":{"rendered":"<p>O Departamento de Pastoral Juvenil da Diocese de Aveiro, apresentou a sua proposta de caminhada para o tempo pascal. \u201cNesta caminhada que propomos, desafiamos-te a aprofundares esta tua perten\u00e7a a este Corpo de Cristo. A descobrires que n\u00e3o est\u00e1s sozinho, mas que \u00e9s parte de algo maior \u2013 o nosso corpo tem partes diferentes que [&hellip;]<\/p>\n","protected":false},"author":1,"featured_media":9300,"comment_status":"open","ping_status":"closed","sticky":false,"template":"","format":"standard","meta":{"ngg_post_thumbnail":0},"categories":[1,4,2,6,23],"tags":[],"_links":{"self":[{"href":"http:\/\/paroquiagloria.org\/v2\/index.php?rest_route=\/wp\/v2\/posts\/9305"}],"collection":[{"href":"http:\/\/paroquiagloria.org\/v2\/index.php?rest_route=\/wp\/v2\/posts"}],"about":[{"href":"http:\/\/paroquiagloria.org\/v2\/index.php?rest_route=\/wp\/v2\/types\/post"}],"author":[{"embeddable":true,"href":"http:\/\/paroquiagloria.org\/v2\/index.php?rest_route=\/wp\/v2\/users\/1"}],"replies":[{"embeddable":true,"href":"http:\/\/paroquiagloria.org\/v2\/index.php?rest_route=%2Fwp%2Fv2%2Fcomments&post=9305"}],"version-history":[{"count":1,"href":"http:\/\/paroquiagloria.org\/v2\/index.php?rest_route=\/wp\/v2\/posts\/9305\/revisions"}],"predecessor-version":[{"id":9306,"href":"http:\/\/paroquiagloria.org\/v2\/index.php?rest_route=\/wp\/v2\/posts\/9305\/revisions\/9306"}],"wp:featuredmedia":[{"embeddable":true,"href":"http:\/\/paroquiagloria.org\/v2\/index.php?rest_route=\/wp\/v2\/media\/9300"}],"wp:attachment":[{"href":"http:\/\/paroquiagloria.org\/v2\/index.php?rest_route=%2Fwp%2Fv2%2Fmedia&parent=9305"}],"wp:term":[{"taxonomy":"category","embeddable":true,"href":"http:\/\/paroquiagloria.org\/v2\/index.php?rest_route=%2Fwp%2Fv2%2Fcategories&post=9305"},{"taxonomy":"post_tag","embeddable":true,"href":"http:\/\/paroquiagloria.org\/v2\/index.php?rest_route=%2Fwp%2Fv2%2Ftags&post=9305"}],"curies":[{"name":"wp","href":"https:\/\/api.w.org\/{rel}","templated":true}]}}