{"id":9252,"date":"2021-04-03T16:36:53","date_gmt":"2021-04-03T16:36:53","guid":{"rendered":"http:\/\/paroquiagloria.org\/v2\/?p=9252"},"modified":"2021-04-03T16:57:56","modified_gmt":"2021-04-03T16:57:56","slug":"semana-santa-3","status":"publish","type":"post","link":"http:\/\/paroquiagloria.org\/v2\/?p=9252","title":{"rendered":"Semana Santa"},"content":{"rendered":"\n<h3>\n\n\u2026no Vaticano\n\n<\/h3>\n\n\n\n<div class=\"wp-block-image\"><figure class=\"aligncenter\"><img loading=\"lazy\" width=\"1024\" height=\"576\" src=\"http:\/\/paroquiagloria.org\/v2\/wp-content\/uploads\/2021\/04\/semanasantacrianca_vaticano-1024x576.jpeg\" alt=\"\" class=\"wp-image-9253\" srcset=\"http:\/\/paroquiagloria.org\/v2\/wp-content\/uploads\/2021\/04\/semanasantacrianca_vaticano-1024x576.jpeg 1024w, http:\/\/paroquiagloria.org\/v2\/wp-content\/uploads\/2021\/04\/semanasantacrianca_vaticano-300x169.jpeg 300w, http:\/\/paroquiagloria.org\/v2\/wp-content\/uploads\/2021\/04\/semanasantacrianca_vaticano-768x432.jpeg 768w, http:\/\/paroquiagloria.org\/v2\/wp-content\/uploads\/2021\/04\/semanasantacrianca_vaticano.jpeg 1500w\" sizes=\"(max-width: 1024px) 100vw, 1024px\" \/><\/figure><\/div>\n\n\n\n<p style=\"text-align:left\">O Papa presidiu \u00e0 Via-Sacra no Vaticano, na qual leu as ora\u00e7\u00f5es rituais, permanecendo em sil\u00eancio perante as medita\u00e7\u00f5es escritas por crian\u00e7as italianas, com reflex\u00f5es sobre os sofrimentos dos mais novos.<br> \u201cMeu querido e bom Jesus, sabeis que h\u00e1 crian\u00e7as no mundo que n\u00e3o t\u00eam que comer, n\u00e3o t\u00eam instru\u00e7\u00e3o escolar, s\u00e3o exploradas e obrigadas a combater\u201d, referia a ora\u00e7\u00e3o inicial.<br>A Via-Sacra desta Sexta-feira Santa contou este ano com in\u00e9ditas medita\u00e7\u00f5es de crian\u00e7as, que evocaram problemas na escola e mortes provocadas pela pandemia de Covid-19. (\u2026) As reflex\u00f5es dos mais novos falavam das escolas fechadas, da \u201ctristeza da solid\u00e3o\u201d, e do impacto da pandemia.<br><br><em>                                                                                                                fonte:<\/em> Ecclesia<\/p>\n\n\n\n<p><\/p>\n\n\n\n<h3 id=\"mce_10\"> \u2026na S\u00e9 de Aveiro<\/h3>\n\n\n\n<div class=\"wp-block-image\"><figure class=\"aligncenter\"><img loading=\"lazy\" width=\"960\" height=\"477\" src=\"http:\/\/paroquiagloria.org\/v2\/wp-content\/uploads\/2021\/04\/semanasanta_seaveiro.jpg\" alt=\"\" class=\"wp-image-9254\" srcset=\"http:\/\/paroquiagloria.org\/v2\/wp-content\/uploads\/2021\/04\/semanasanta_seaveiro.jpg 960w, http:\/\/paroquiagloria.org\/v2\/wp-content\/uploads\/2021\/04\/semanasanta_seaveiro-300x149.jpg 300w, http:\/\/paroquiagloria.org\/v2\/wp-content\/uploads\/2021\/04\/semanasanta_seaveiro-768x382.jpg 768w\" sizes=\"(max-width: 960px) 100vw, 960px\" \/><\/figure><\/div>\n\n\n\n<p style=\"text-align:left\">(\u2026) Assim \u00e9 o Deus dos crist\u00e3os: um Deus d\u00e9bil, que n\u00e3o tem outro poder sen\u00e3o o seu amor incondicional.<br> Quem \u00e9 disc\u00edpulo de Jesus Cristo crucificado aceita o sofrimento como uma experi\u00eancia transformadora. O sofrimento existir\u00e1 sempre, mas o amor pode convert\u00ea-lo em dom oferecido a Deus e aos irm\u00e3os.<br>Recordemos os doentes e todas as pessoas abandonadas ao peso da sua cruz, principalmente as v\u00edtimas desta terr\u00edvel pandemia e todos os que se sentem feridos no desejo de ser feliz, a fim de que encontrem na cruz de Cristo a for\u00e7a da esperan\u00e7a da vida e do amor de Deus.<br>Jesus \u00e9 aquele que d\u00e1 a sua vida por amor, para sempre e para todos. (\u2026)<br><br><em>                                                       da Homilia da Celebra\u00e7\u00e3o da Paix\u00e3o do Senhor &#8211; Sexta-feira  Santa<\/em><\/p>\n","protected":false},"excerpt":{"rendered":"<p>\u2026no Vaticano O Papa presidiu \u00e0 Via-Sacra no Vaticano, na qual leu as ora\u00e7\u00f5es rituais, permanecendo em sil\u00eancio perante as medita\u00e7\u00f5es escritas por crian\u00e7as italianas, com reflex\u00f5es sobre os sofrimentos dos mais novos. \u201cMeu querido e bom Jesus, sabeis que h\u00e1 crian\u00e7as no mundo que n\u00e3o t\u00eam que comer, n\u00e3o t\u00eam instru\u00e7\u00e3o escolar, s\u00e3o exploradas [&hellip;]<\/p>\n","protected":false},"author":1,"featured_media":9255,"comment_status":"open","ping_status":"closed","sticky":false,"template":"","format":"standard","meta":{"ngg_post_thumbnail":0},"categories":[1,4,2,6],"tags":[],"_links":{"self":[{"href":"http:\/\/paroquiagloria.org\/v2\/index.php?rest_route=\/wp\/v2\/posts\/9252"}],"collection":[{"href":"http:\/\/paroquiagloria.org\/v2\/index.php?rest_route=\/wp\/v2\/posts"}],"about":[{"href":"http:\/\/paroquiagloria.org\/v2\/index.php?rest_route=\/wp\/v2\/types\/post"}],"author":[{"embeddable":true,"href":"http:\/\/paroquiagloria.org\/v2\/index.php?rest_route=\/wp\/v2\/users\/1"}],"replies":[{"embeddable":true,"href":"http:\/\/paroquiagloria.org\/v2\/index.php?rest_route=%2Fwp%2Fv2%2Fcomments&post=9252"}],"version-history":[{"count":2,"href":"http:\/\/paroquiagloria.org\/v2\/index.php?rest_route=\/wp\/v2\/posts\/9252\/revisions"}],"predecessor-version":[{"id":9270,"href":"http:\/\/paroquiagloria.org\/v2\/index.php?rest_route=\/wp\/v2\/posts\/9252\/revisions\/9270"}],"wp:featuredmedia":[{"embeddable":true,"href":"http:\/\/paroquiagloria.org\/v2\/index.php?rest_route=\/wp\/v2\/media\/9255"}],"wp:attachment":[{"href":"http:\/\/paroquiagloria.org\/v2\/index.php?rest_route=%2Fwp%2Fv2%2Fmedia&parent=9252"}],"wp:term":[{"taxonomy":"category","embeddable":true,"href":"http:\/\/paroquiagloria.org\/v2\/index.php?rest_route=%2Fwp%2Fv2%2Fcategories&post=9252"},{"taxonomy":"post_tag","embeddable":true,"href":"http:\/\/paroquiagloria.org\/v2\/index.php?rest_route=%2Fwp%2Fv2%2Ftags&post=9252"}],"curies":[{"name":"wp","href":"https:\/\/api.w.org\/{rel}","templated":true}]}}