{"id":9243,"date":"2021-03-27T19:54:50","date_gmt":"2021-03-27T19:54:50","guid":{"rendered":"http:\/\/paroquiagloria.org\/v2\/?p=9243"},"modified":"2021-03-27T20:15:39","modified_gmt":"2021-03-27T20:15:39","slug":"semana-santa-na-se-celebracoes-liturgicas","status":"publish","type":"post","link":"http:\/\/paroquiagloria.org\/v2\/?p=9243","title":{"rendered":"SEMANA SANTA &#8211; na S\u00e9 [Celebra\u00e7\u00f5es Lit\u00fargicas]"},"content":{"rendered":"\n<div class=\"wp-block-image\"><figure class=\"aligncenter\"><img loading=\"lazy\" width=\"1024\" height=\"381\" src=\"http:\/\/paroquiagloria.org\/v2\/wp-content\/uploads\/2021\/03\/banner_TPascal_2021-1024x381.jpg\" alt=\"\" class=\"wp-image-9234\" srcset=\"http:\/\/paroquiagloria.org\/v2\/wp-content\/uploads\/2021\/03\/banner_TPascal_2021-1024x381.jpg 1024w, http:\/\/paroquiagloria.org\/v2\/wp-content\/uploads\/2021\/03\/banner_TPascal_2021-300x112.jpg 300w, http:\/\/paroquiagloria.org\/v2\/wp-content\/uploads\/2021\/03\/banner_TPascal_2021-768x286.jpg 768w, http:\/\/paroquiagloria.org\/v2\/wp-content\/uploads\/2021\/03\/banner_TPascal_2021.jpg 1252w\" sizes=\"(max-width: 1024px) 100vw, 1024px\" \/><\/figure><\/div>\n\n\n\n<p><strong>QUARTA-FEIRA,  31 de mar\u00e7o<\/strong><\/p>\n\n\n\n<ul><li>Celebra\u00e7\u00e3o Penitencial, com absolvi\u00e7\u00e3o geral, na Igreja, \u00e0s 21h30.<br><em> Obs.  S\u00e3o condi\u00e7\u00f5es para a v\u00e1lida absolvi\u00e7\u00e3o dos pecados o arrependimento \/ prop\u00f3sito firme de emenda, o compromisso de Confiss\u00e3o individual, logo que poss\u00edvel, e  a participa\u00e7\u00e3o integral nesta celebra\u00e7\u00e3o. <\/em><\/li><\/ul>\n\n\n\n<p><strong>QUINTA-FEIRA , 01 de abril<\/strong><\/p>\n\n\n\n<ul><li>Missa Crismal, com a renova\u00e7\u00e3o dos compromissos sacerdotais e b\u00ean\u00e7\u00e3o dos santos \u00f3leos,  na Igreja Catedral, \u00e0s 10h00. <\/li><\/ul>\n\n\n\n<h3>                               TR\u00cdDUO PASCAL<\/h3>\n\n\n\n<ul><li>Missa comemorativa da Ceia do Senhor, na Igreja Catedral, \u00e0s 21h30.<br> <em>Obs. <strong>Neste ano n\u00e3o  haver\u00e1 lava-p\u00e9s, nem adora\u00e7\u00e3o nocturna ao Sant\u00edssimo  Sacramento<\/strong>.<br> As ofertas dos Fi\u00e9is ser\u00e3o para os pobres apoiados pelas Confer\u00eancias Vicentinas da Par\u00f3quia. <\/em><\/li><\/ul>\n\n\n\n<p><strong>SEXTA-FEIRA, 02 de abril <\/strong><\/p>\n\n\n\n<ul><li>Celebra\u00e7\u00e3o de Laudes, \u00e0s 9h30;<\/li><li>Celebra\u00e7\u00e3o lit\u00fargica da Paix\u00e3o e Morte do Senhor, com adora\u00e7\u00e3o da Cruz e distribui\u00e7\u00e3o da Sagrada Comunh\u00e3o, \u00e0s 17h00.<br><em> Obs. As ofertas dos Fi\u00e9is s\u00e3o destinadas \u00e0s comunidades crist\u00e3s dos Lugares Santos da Palestina.<br> A Igreja concede a indulg\u00eancia plen\u00e1ria aos Fi\u00e9is que participarem na Celebra\u00e7\u00e3o da Paix\u00e3o do Senhor. <\/em><br><strong><em> N\u00e3o h\u00e1 este ano a Prociss\u00e3o comemorativa do Enterro do Senhor.<\/em><\/strong><\/li><\/ul>\n\n\n\n<p><strong>S\u00c1BADO, 03 de abril<\/strong><\/p>\n\n\n\n<ul><li>Celebra\u00e7\u00e3o de Laudes, \u00e0s 9h30;<\/li><li>Celebra\u00e7\u00e3o da VIG\u00cdLIA PASCAL da Ressurrei\u00e7\u00e3o do Senhor, \u00e0s 21h30<br><em> Obs. A Igreja concede indulg\u00eancia plen\u00e1ria aos Fi\u00e9is que, participando na Celebra\u00e7\u00e3o da Vig\u00edlia Pascal, renovarem as promessas baptismais.<\/em><\/li><\/ul>\n\n\n\n<p><strong>DOMINGO de P\u00c1SCOA, 04 de abril<\/strong><\/p>\n\n\n\n<ul><li>Eucaristia na Igreja, \u00e0s 8h30, 10h30, 12h e 19h.<br><em> Obs. Este ano n\u00e3o h\u00e1 Eucaristia em Vilar  e em Santiago, n\u00e3o sendo tamb\u00e9m permitida a tradicional Visita Pascal.<\/em><\/li><\/ul>\n","protected":false},"excerpt":{"rendered":"<p>QUARTA-FEIRA, 31 de mar\u00e7o Celebra\u00e7\u00e3o Penitencial, com absolvi\u00e7\u00e3o geral, na Igreja, \u00e0s 21h30. Obs. S\u00e3o condi\u00e7\u00f5es para a v\u00e1lida absolvi\u00e7\u00e3o dos pecados o arrependimento \/ prop\u00f3sito firme de emenda, o compromisso de Confiss\u00e3o individual, logo que poss\u00edvel, e a participa\u00e7\u00e3o integral nesta celebra\u00e7\u00e3o. QUINTA-FEIRA , 01 de abril Missa Crismal, com a renova\u00e7\u00e3o dos compromissos [&hellip;]<\/p>\n","protected":false},"author":1,"featured_media":9244,"comment_status":"open","ping_status":"closed","sticky":false,"template":"","format":"standard","meta":{"ngg_post_thumbnail":0},"categories":[1,4,2,6,23],"tags":[],"_links":{"self":[{"href":"http:\/\/paroquiagloria.org\/v2\/index.php?rest_route=\/wp\/v2\/posts\/9243"}],"collection":[{"href":"http:\/\/paroquiagloria.org\/v2\/index.php?rest_route=\/wp\/v2\/posts"}],"about":[{"href":"http:\/\/paroquiagloria.org\/v2\/index.php?rest_route=\/wp\/v2\/types\/post"}],"author":[{"embeddable":true,"href":"http:\/\/paroquiagloria.org\/v2\/index.php?rest_route=\/wp\/v2\/users\/1"}],"replies":[{"embeddable":true,"href":"http:\/\/paroquiagloria.org\/v2\/index.php?rest_route=%2Fwp%2Fv2%2Fcomments&post=9243"}],"version-history":[{"count":2,"href":"http:\/\/paroquiagloria.org\/v2\/index.php?rest_route=\/wp\/v2\/posts\/9243\/revisions"}],"predecessor-version":[{"id":9248,"href":"http:\/\/paroquiagloria.org\/v2\/index.php?rest_route=\/wp\/v2\/posts\/9243\/revisions\/9248"}],"wp:featuredmedia":[{"embeddable":true,"href":"http:\/\/paroquiagloria.org\/v2\/index.php?rest_route=\/wp\/v2\/media\/9244"}],"wp:attachment":[{"href":"http:\/\/paroquiagloria.org\/v2\/index.php?rest_route=%2Fwp%2Fv2%2Fmedia&parent=9243"}],"wp:term":[{"taxonomy":"category","embeddable":true,"href":"http:\/\/paroquiagloria.org\/v2\/index.php?rest_route=%2Fwp%2Fv2%2Fcategories&post=9243"},{"taxonomy":"post_tag","embeddable":true,"href":"http:\/\/paroquiagloria.org\/v2\/index.php?rest_route=%2Fwp%2Fv2%2Ftags&post=9243"}],"curies":[{"name":"wp","href":"https:\/\/api.w.org\/{rel}","templated":true}]}}