{"id":9241,"date":"2021-03-27T19:48:08","date_gmt":"2021-03-27T19:48:08","guid":{"rendered":"http:\/\/paroquiagloria.org\/v2\/?p=9241"},"modified":"2021-03-27T19:48:09","modified_gmt":"2021-03-27T19:48:09","slug":"celebracao-penitencial-com-absolvicao-geral-3","status":"publish","type":"post","link":"http:\/\/paroquiagloria.org\/v2\/?p=9241","title":{"rendered":"Celebra\u00e7\u00e3o Penitencial com absolvi\u00e7\u00e3o geral"},"content":{"rendered":"\n<div class=\"wp-block-image\"><figure class=\"aligncenter\"><img loading=\"lazy\" width=\"680\" height=\"378\" src=\"http:\/\/paroquiagloria.org\/v2\/wp-content\/uploads\/2018\/01\/PapaFranciscoOracion_040118.jpg\" alt=\"\" class=\"wp-image-6162\" srcset=\"http:\/\/paroquiagloria.org\/v2\/wp-content\/uploads\/2018\/01\/PapaFranciscoOracion_040118.jpg 680w, http:\/\/paroquiagloria.org\/v2\/wp-content\/uploads\/2018\/01\/PapaFranciscoOracion_040118-300x167.jpg 300w\" sizes=\"(max-width: 680px) 100vw, 680px\" \/><\/figure><\/div>\n\n\n\n<p>Na fidelidade \u00e0s orienta\u00e7\u00f5es da Igreja, o nosso Bispo permite este ano, devido aos constrangimentos decorrentes da pandemia, que o Sacramento da Confiss\u00e3o\/Reconcilia\u00e7\u00e3o\/Penit\u00eancia, habitualmente procurado na Quaresma, seja substitu\u00eddo por uma Celebra\u00e7\u00e3o Penitencial com absolvi\u00e7\u00e3o colectiva dos pecados, devendo depois o fiel, assim que possa, confessar-se individualmente. <br>\nDiz-nos a Igreja que para a v\u00e1lida absolvi\u00e7\u00e3o, \u00e9 necess\u00e1rio o prop\u00f3sito de se confessar individualmente, no devido tempo, dos pecados graves que no momento n\u00e3o p\u00f4de confessar (cf. c\u00e2n. 962 CIC).<\/p>\n","protected":false},"excerpt":{"rendered":"<p>Na fidelidade \u00e0s orienta\u00e7\u00f5es da Igreja, o nosso Bispo permite este ano, devido aos constrangimentos decorrentes da pandemia, que o Sacramento da Confiss\u00e3o\/Reconcilia\u00e7\u00e3o\/Penit\u00eancia, habitualmente procurado na Quaresma, seja substitu\u00eddo por uma Celebra\u00e7\u00e3o Penitencial com absolvi\u00e7\u00e3o colectiva dos pecados, devendo depois o fiel, assim que possa, confessar-se individualmente. Diz-nos a Igreja que para a v\u00e1lida absolvi\u00e7\u00e3o, [&hellip;]<\/p>\n","protected":false},"author":1,"featured_media":6164,"comment_status":"open","ping_status":"closed","sticky":false,"template":"","format":"standard","meta":{"ngg_post_thumbnail":0},"categories":[1,4,2,6],"tags":[],"_links":{"self":[{"href":"http:\/\/paroquiagloria.org\/v2\/index.php?rest_route=\/wp\/v2\/posts\/9241"}],"collection":[{"href":"http:\/\/paroquiagloria.org\/v2\/index.php?rest_route=\/wp\/v2\/posts"}],"about":[{"href":"http:\/\/paroquiagloria.org\/v2\/index.php?rest_route=\/wp\/v2\/types\/post"}],"author":[{"embeddable":true,"href":"http:\/\/paroquiagloria.org\/v2\/index.php?rest_route=\/wp\/v2\/users\/1"}],"replies":[{"embeddable":true,"href":"http:\/\/paroquiagloria.org\/v2\/index.php?rest_route=%2Fwp%2Fv2%2Fcomments&post=9241"}],"version-history":[{"count":1,"href":"http:\/\/paroquiagloria.org\/v2\/index.php?rest_route=\/wp\/v2\/posts\/9241\/revisions"}],"predecessor-version":[{"id":9242,"href":"http:\/\/paroquiagloria.org\/v2\/index.php?rest_route=\/wp\/v2\/posts\/9241\/revisions\/9242"}],"wp:featuredmedia":[{"embeddable":true,"href":"http:\/\/paroquiagloria.org\/v2\/index.php?rest_route=\/wp\/v2\/media\/6164"}],"wp:attachment":[{"href":"http:\/\/paroquiagloria.org\/v2\/index.php?rest_route=%2Fwp%2Fv2%2Fmedia&parent=9241"}],"wp:term":[{"taxonomy":"category","embeddable":true,"href":"http:\/\/paroquiagloria.org\/v2\/index.php?rest_route=%2Fwp%2Fv2%2Fcategories&post=9241"},{"taxonomy":"post_tag","embeddable":true,"href":"http:\/\/paroquiagloria.org\/v2\/index.php?rest_route=%2Fwp%2Fv2%2Ftags&post=9241"}],"curies":[{"name":"wp","href":"https:\/\/api.w.org\/{rel}","templated":true}]}}