{"id":9236,"date":"2021-03-27T19:41:51","date_gmt":"2021-03-27T19:41:51","guid":{"rendered":"http:\/\/paroquiagloria.org\/v2\/?p=9236"},"modified":"2021-03-27T19:41:52","modified_gmt":"2021-03-27T19:41:52","slug":"renuncia-quaresmal-5","status":"publish","type":"post","link":"http:\/\/paroquiagloria.org\/v2\/?p=9236","title":{"rendered":"Ren\u00fancia Quaresmal"},"content":{"rendered":"\n<div class=\"wp-block-image\"><figure class=\"aligncenter\"><img loading=\"lazy\" width=\"640\" height=\"640\" src=\"http:\/\/paroquiagloria.org\/v2\/wp-content\/uploads\/2021\/03\/renuncia.jpg\" alt=\"\" class=\"wp-image-9214\" srcset=\"http:\/\/paroquiagloria.org\/v2\/wp-content\/uploads\/2021\/03\/renuncia.jpg 640w, http:\/\/paroquiagloria.org\/v2\/wp-content\/uploads\/2021\/03\/renuncia-150x150.jpg 150w, http:\/\/paroquiagloria.org\/v2\/wp-content\/uploads\/2021\/03\/renuncia-300x300.jpg 300w, http:\/\/paroquiagloria.org\/v2\/wp-content\/uploads\/2021\/03\/renuncia-185x185.jpg 185w, http:\/\/paroquiagloria.org\/v2\/wp-content\/uploads\/2021\/03\/renuncia-184x184.jpg 184w\" sizes=\"(max-width: 640px) 100vw, 640px\" \/><\/figure><\/div>\n\n\n\n<p>A partilha de bens econ\u00f3micos e bens materiais que seja proporcional \u00e0s posses de cada um e que signifique uma verdadeira ren\u00fancia a algo que se possui ou a gastos sup\u00e9rfluos e dispens\u00e1veis.<br>\nO fruto desta partilha, a entregar nos ofert\u00f3rios das Eucaristias dominicais em subscritos pr\u00f3prios, destina-se ao Fundo de Urg\u00eancia Social da C\u00e1ritas Diocesana de Aveiro.<\/p>\n\n\n\n<p><\/p>\n\n\n\n<p><\/p>\n\n\n\n<p><\/p>\n\n\n\n<p><strong>(NIB = 0269 0736 0020 9383 063 95)<\/strong><\/p>\n","protected":false},"excerpt":{"rendered":"<p>A partilha de bens econ\u00f3micos e bens materiais que seja proporcional \u00e0s posses de cada um e que signifique uma verdadeira ren\u00fancia a algo que se possui ou a gastos sup\u00e9rfluos e dispens\u00e1veis. O fruto desta partilha, a entregar nos ofert\u00f3rios das Eucaristias dominicais em subscritos pr\u00f3prios, destina-se ao Fundo de Urg\u00eancia Social da C\u00e1ritas [&hellip;]<\/p>\n","protected":false},"author":1,"featured_media":9213,"comment_status":"open","ping_status":"closed","sticky":false,"template":"","format":"standard","meta":{"ngg_post_thumbnail":0},"categories":[1,4,2,6,23],"tags":[],"_links":{"self":[{"href":"http:\/\/paroquiagloria.org\/v2\/index.php?rest_route=\/wp\/v2\/posts\/9236"}],"collection":[{"href":"http:\/\/paroquiagloria.org\/v2\/index.php?rest_route=\/wp\/v2\/posts"}],"about":[{"href":"http:\/\/paroquiagloria.org\/v2\/index.php?rest_route=\/wp\/v2\/types\/post"}],"author":[{"embeddable":true,"href":"http:\/\/paroquiagloria.org\/v2\/index.php?rest_route=\/wp\/v2\/users\/1"}],"replies":[{"embeddable":true,"href":"http:\/\/paroquiagloria.org\/v2\/index.php?rest_route=%2Fwp%2Fv2%2Fcomments&post=9236"}],"version-history":[{"count":1,"href":"http:\/\/paroquiagloria.org\/v2\/index.php?rest_route=\/wp\/v2\/posts\/9236\/revisions"}],"predecessor-version":[{"id":9237,"href":"http:\/\/paroquiagloria.org\/v2\/index.php?rest_route=\/wp\/v2\/posts\/9236\/revisions\/9237"}],"wp:featuredmedia":[{"embeddable":true,"href":"http:\/\/paroquiagloria.org\/v2\/index.php?rest_route=\/wp\/v2\/media\/9213"}],"wp:attachment":[{"href":"http:\/\/paroquiagloria.org\/v2\/index.php?rest_route=%2Fwp%2Fv2%2Fmedia&parent=9236"}],"wp:term":[{"taxonomy":"category","embeddable":true,"href":"http:\/\/paroquiagloria.org\/v2\/index.php?rest_route=%2Fwp%2Fv2%2Fcategories&post=9236"},{"taxonomy":"post_tag","embeddable":true,"href":"http:\/\/paroquiagloria.org\/v2\/index.php?rest_route=%2Fwp%2Fv2%2Ftags&post=9236"}],"curies":[{"name":"wp","href":"https:\/\/api.w.org\/{rel}","templated":true}]}}