{"id":9225,"date":"2021-03-20T20:28:55","date_gmt":"2021-03-20T20:28:55","guid":{"rendered":"http:\/\/paroquiagloria.org\/v2\/?p=9225"},"modified":"2021-03-20T20:28:56","modified_gmt":"2021-03-20T20:28:56","slug":"jmj-lisboa-2023","status":"publish","type":"post","link":"http:\/\/paroquiagloria.org\/v2\/?p=9225","title":{"rendered":"JMJ Lisboa 2023"},"content":{"rendered":"\n<div class=\"wp-block-image\"><figure class=\"aligncenter\"><img loading=\"lazy\" width=\"960\" height=\"450\" src=\"http:\/\/paroquiagloria.org\/v2\/wp-content\/uploads\/2013\/02\/banner_JMJ23.jpg\" alt=\"\" class=\"wp-image-9037\" srcset=\"http:\/\/paroquiagloria.org\/v2\/wp-content\/uploads\/2013\/02\/banner_JMJ23.jpg 960w, http:\/\/paroquiagloria.org\/v2\/wp-content\/uploads\/2013\/02\/banner_JMJ23-300x141.jpg 300w\" sizes=\"(max-width: 960px) 100vw, 960px\" \/><\/figure><\/div>\n\n\n\n<p>Os<strong> Jovens do Arciprestado de Aveiro<\/strong>, est\u00e3o a dinamizar v\u00e1rias actividades, tendo j\u00e1 como horizonte as JMJ Lisboa 2023.<\/p>\n\n\n\n<p>Veja uma <em>jam session<\/em> com dois jovens da nossa Par\u00f3quia. <\/p>\n\n\n\n<p>Acompanhe tudo nos seguintes links:<\/p>\n\n\n\n<p><a href=\"https:\/\/www.facebook.com\/gjadaveiro\">https:\/\/www.facebook.com\/gjadaveiro<\/a><\/p>\n\n\n\n<p><a href=\"https:\/\/www.instagram.com\/ja2_aveiro\/?hl=pt\">https:\/\/www.instagram.com\/ja2_aveiro\/?hl=pt<\/a><\/p>\n","protected":false},"excerpt":{"rendered":"<p>Os Jovens do Arciprestado de Aveiro, est\u00e3o a dinamizar v\u00e1rias actividades, tendo j\u00e1 como horizonte as JMJ Lisboa 2023. Veja uma jam session com dois jovens da nossa Par\u00f3quia. Acompanhe tudo nos seguintes links: https:\/\/www.facebook.com\/gjadaveiro https:\/\/www.instagram.com\/ja2_aveiro\/?hl=pt<\/p>\n","protected":false},"author":1,"featured_media":9037,"comment_status":"open","ping_status":"closed","sticky":false,"template":"","format":"standard","meta":{"ngg_post_thumbnail":0},"categories":[1,4,2,6,23],"tags":[],"_links":{"self":[{"href":"http:\/\/paroquiagloria.org\/v2\/index.php?rest_route=\/wp\/v2\/posts\/9225"}],"collection":[{"href":"http:\/\/paroquiagloria.org\/v2\/index.php?rest_route=\/wp\/v2\/posts"}],"about":[{"href":"http:\/\/paroquiagloria.org\/v2\/index.php?rest_route=\/wp\/v2\/types\/post"}],"author":[{"embeddable":true,"href":"http:\/\/paroquiagloria.org\/v2\/index.php?rest_route=\/wp\/v2\/users\/1"}],"replies":[{"embeddable":true,"href":"http:\/\/paroquiagloria.org\/v2\/index.php?rest_route=%2Fwp%2Fv2%2Fcomments&post=9225"}],"version-history":[{"count":1,"href":"http:\/\/paroquiagloria.org\/v2\/index.php?rest_route=\/wp\/v2\/posts\/9225\/revisions"}],"predecessor-version":[{"id":9226,"href":"http:\/\/paroquiagloria.org\/v2\/index.php?rest_route=\/wp\/v2\/posts\/9225\/revisions\/9226"}],"wp:featuredmedia":[{"embeddable":true,"href":"http:\/\/paroquiagloria.org\/v2\/index.php?rest_route=\/wp\/v2\/media\/9037"}],"wp:attachment":[{"href":"http:\/\/paroquiagloria.org\/v2\/index.php?rest_route=%2Fwp%2Fv2%2Fmedia&parent=9225"}],"wp:term":[{"taxonomy":"category","embeddable":true,"href":"http:\/\/paroquiagloria.org\/v2\/index.php?rest_route=%2Fwp%2Fv2%2Fcategories&post=9225"},{"taxonomy":"post_tag","embeddable":true,"href":"http:\/\/paroquiagloria.org\/v2\/index.php?rest_route=%2Fwp%2Fv2%2Ftags&post=9225"}],"curies":[{"name":"wp","href":"https:\/\/api.w.org\/{rel}","templated":true}]}}