{"id":9223,"date":"2021-03-20T20:24:51","date_gmt":"2021-03-20T20:24:51","guid":{"rendered":"http:\/\/paroquiagloria.org\/v2\/?p=9223"},"modified":"2021-03-20T20:24:53","modified_gmt":"2021-03-20T20:24:53","slug":"conversas-asobremesa","status":"publish","type":"post","link":"http:\/\/paroquiagloria.org\/v2\/?p=9223","title":{"rendered":"&#8220;Conversas \u00e0(sobre)mesa&#8221;"},"content":{"rendered":"\n<div class=\"wp-block-image\"><figure class=\"aligncenter\"><img loading=\"lazy\" width=\"585\" height=\"584\" src=\"http:\/\/paroquiagloria.org\/v2\/wp-content\/uploads\/2021\/03\/convesassobremesa.jpg\" alt=\"\" class=\"wp-image-9198\" srcset=\"http:\/\/paroquiagloria.org\/v2\/wp-content\/uploads\/2021\/03\/convesassobremesa.jpg 585w, http:\/\/paroquiagloria.org\/v2\/wp-content\/uploads\/2021\/03\/convesassobremesa-150x150.jpg 150w, http:\/\/paroquiagloria.org\/v2\/wp-content\/uploads\/2021\/03\/convesassobremesa-300x300.jpg 300w, http:\/\/paroquiagloria.org\/v2\/wp-content\/uploads\/2021\/03\/convesassobremesa-185x185.jpg 185w, http:\/\/paroquiagloria.org\/v2\/wp-content\/uploads\/2021\/03\/convesassobremesa-184x184.jpg 184w\" sizes=\"(max-width: 585px) 100vw, 585px\" \/><\/figure><\/div>\n\n\n\n<p>\u00c9 o mote de uma s\u00e9rie de encontros que o Secretariado de Pastoral Familiar da nossa Par\u00f3quia vai promover, uma vez por m\u00eas, \u00e0s 21h00, ao longo do ano pastoral.<br> Os encontros ser\u00e3o todos &#8220;online&#8221; e versar\u00e3o sobre temas familiares, a come\u00e7ar pelo primeiro, que j\u00e1 foi para o ar no dia 19, dia de S. Jos\u00e9, pelos meios de comunica\u00e7\u00e3o da Par\u00f3quia.<br> \u00c9 assim que tamb\u00e9m desejamos corresponder \u00e0 vontade do Papa Francisco, que, dedicando particularmente este ano \u00e0 protec\u00e7\u00e3o de S. Jos\u00e9, Esposo da Virgem Maria, pede \u00e0 Igreja Universal uma especial aten\u00e7\u00e3o \u00e0 Fam\u00edlia.<br> Sendo Nossa Senhora da Gl\u00f3ria titular da nossa Par\u00f3quia, bom seria que n\u00e3o esquec\u00eassemos, pelo menos ao longo deste ano, a ora\u00e7\u00e3o a S. Jos\u00e9, que o Papa Francisco escreveu:<br>      Salv\u00e9,<br>      Guardi\u00e3o do Redentor<br>      e Esposo da Virgem Maria !<br>      A v\u00f3s, Deus confiou o seu Filho;<br>      em v\u00f3s, Maria depositou a sua confian\u00e7a;<br>      convosco, Cristo tornou-se homem.<br>      \u00d3 Bem-aventurado Jos\u00e9,<br>      mostrai-vos pai tamb\u00e9m para n\u00f3s<br>      e guiai-nos no caminho da vida.<br>      Alcan\u00e7ai-nos a gra\u00e7a,<br>      miseric\u00f3rdia e coragem,<br>      e defendei-nos de todo o mal.<br>      Am\u00e9m.<\/p>\n\n\n\n<div class=\"wp-block-image\"><figure class=\"aligncenter\"><img loading=\"lazy\" width=\"637\" height=\"900\" src=\"http:\/\/paroquiagloria.org\/v2\/wp-content\/uploads\/2021\/03\/SaoJose.jpg\" alt=\"\" class=\"wp-image-9194\" srcset=\"http:\/\/paroquiagloria.org\/v2\/wp-content\/uploads\/2021\/03\/SaoJose.jpg 637w, http:\/\/paroquiagloria.org\/v2\/wp-content\/uploads\/2021\/03\/SaoJose-212x300.jpg 212w\" sizes=\"(max-width: 637px) 100vw, 637px\" \/><\/figure><\/div>\n","protected":false},"excerpt":{"rendered":"<p>\u00c9 o mote de uma s\u00e9rie de encontros que o Secretariado de Pastoral Familiar da nossa Par\u00f3quia vai promover, uma vez por m\u00eas, \u00e0s 21h00, ao longo do ano pastoral. Os encontros ser\u00e3o todos &#8220;online&#8221; e versar\u00e3o sobre temas familiares, a come\u00e7ar pelo primeiro, que j\u00e1 foi para o ar no dia 19, dia de [&hellip;]<\/p>\n","protected":false},"author":1,"featured_media":9197,"comment_status":"open","ping_status":"closed","sticky":false,"template":"","format":"standard","meta":{"ngg_post_thumbnail":0},"categories":[1,4,2,6,23],"tags":[],"_links":{"self":[{"href":"http:\/\/paroquiagloria.org\/v2\/index.php?rest_route=\/wp\/v2\/posts\/9223"}],"collection":[{"href":"http:\/\/paroquiagloria.org\/v2\/index.php?rest_route=\/wp\/v2\/posts"}],"about":[{"href":"http:\/\/paroquiagloria.org\/v2\/index.php?rest_route=\/wp\/v2\/types\/post"}],"author":[{"embeddable":true,"href":"http:\/\/paroquiagloria.org\/v2\/index.php?rest_route=\/wp\/v2\/users\/1"}],"replies":[{"embeddable":true,"href":"http:\/\/paroquiagloria.org\/v2\/index.php?rest_route=%2Fwp%2Fv2%2Fcomments&post=9223"}],"version-history":[{"count":1,"href":"http:\/\/paroquiagloria.org\/v2\/index.php?rest_route=\/wp\/v2\/posts\/9223\/revisions"}],"predecessor-version":[{"id":9224,"href":"http:\/\/paroquiagloria.org\/v2\/index.php?rest_route=\/wp\/v2\/posts\/9223\/revisions\/9224"}],"wp:featuredmedia":[{"embeddable":true,"href":"http:\/\/paroquiagloria.org\/v2\/index.php?rest_route=\/wp\/v2\/media\/9197"}],"wp:attachment":[{"href":"http:\/\/paroquiagloria.org\/v2\/index.php?rest_route=%2Fwp%2Fv2%2Fmedia&parent=9223"}],"wp:term":[{"taxonomy":"category","embeddable":true,"href":"http:\/\/paroquiagloria.org\/v2\/index.php?rest_route=%2Fwp%2Fv2%2Fcategories&post=9223"},{"taxonomy":"post_tag","embeddable":true,"href":"http:\/\/paroquiagloria.org\/v2\/index.php?rest_route=%2Fwp%2Fv2%2Ftags&post=9223"}],"curies":[{"name":"wp","href":"https:\/\/api.w.org\/{rel}","templated":true}]}}