{"id":9219,"date":"2021-03-20T20:22:12","date_gmt":"2021-03-20T20:22:12","guid":{"rendered":"http:\/\/paroquiagloria.org\/v2\/?p=9219"},"modified":"2021-03-20T20:22:13","modified_gmt":"2021-03-20T20:22:13","slug":"ano-familia-amoris-laetitia","status":"publish","type":"post","link":"http:\/\/paroquiagloria.org\/v2\/?p=9219","title":{"rendered":"Ano &#8220;Fam\u00edlia Amoris Laetitia&#8221;"},"content":{"rendered":"\n<div class=\"wp-block-image\"><figure class=\"aligncenter\"><img loading=\"lazy\" width=\"1024\" height=\"906\" src=\"http:\/\/paroquiagloria.org\/v2\/wp-content\/uploads\/2021\/03\/anofamiliaamoris-1024x906.png\" alt=\"\" class=\"wp-image-9221\" srcset=\"http:\/\/paroquiagloria.org\/v2\/wp-content\/uploads\/2021\/03\/anofamiliaamoris-1024x906.png 1024w, http:\/\/paroquiagloria.org\/v2\/wp-content\/uploads\/2021\/03\/anofamiliaamoris-300x265.png 300w, http:\/\/paroquiagloria.org\/v2\/wp-content\/uploads\/2021\/03\/anofamiliaamoris-768x679.png 768w, http:\/\/paroquiagloria.org\/v2\/wp-content\/uploads\/2021\/03\/anofamiliaamoris.png 1126w\" sizes=\"(max-width: 1024px) 100vw, 1024px\" \/><\/figure><\/div>\n\n\n\n<p>No dia 19 de Mar\u00e7o de 2021, a Igreja comemora 5 anos da publica\u00e7\u00e3o da exorta\u00e7\u00e3o apost\u00f3lica Amoris Laetitia sobre a beleza e a alegria do amor familiar.<br>\nNeste mesmo dia, o Papa Francisco inaugura o Ano &#8220;Fam\u00edlia Amoris Laetitia&#8221;, que terminar\u00e1 em 26 de junho de 2022, por ocasi\u00e3o do X Encontro Mundial das Fam\u00edlias em Roma com o Santo Padre.<\/p>\n","protected":false},"excerpt":{"rendered":"<p>No dia 19 de Mar\u00e7o de 2021, a Igreja comemora 5 anos da publica\u00e7\u00e3o da exorta\u00e7\u00e3o apost\u00f3lica Amoris Laetitia sobre a beleza e a alegria do amor familiar. Neste mesmo dia, o Papa Francisco inaugura o Ano &#8220;Fam\u00edlia Amoris Laetitia&#8221;, que terminar\u00e1 em 26 de junho de 2022, por ocasi\u00e3o do X Encontro Mundial das [&hellip;]<\/p>\n","protected":false},"author":1,"featured_media":9220,"comment_status":"open","ping_status":"closed","sticky":false,"template":"","format":"standard","meta":{"ngg_post_thumbnail":0},"categories":[1,4,2,6,23],"tags":[],"_links":{"self":[{"href":"http:\/\/paroquiagloria.org\/v2\/index.php?rest_route=\/wp\/v2\/posts\/9219"}],"collection":[{"href":"http:\/\/paroquiagloria.org\/v2\/index.php?rest_route=\/wp\/v2\/posts"}],"about":[{"href":"http:\/\/paroquiagloria.org\/v2\/index.php?rest_route=\/wp\/v2\/types\/post"}],"author":[{"embeddable":true,"href":"http:\/\/paroquiagloria.org\/v2\/index.php?rest_route=\/wp\/v2\/users\/1"}],"replies":[{"embeddable":true,"href":"http:\/\/paroquiagloria.org\/v2\/index.php?rest_route=%2Fwp%2Fv2%2Fcomments&post=9219"}],"version-history":[{"count":1,"href":"http:\/\/paroquiagloria.org\/v2\/index.php?rest_route=\/wp\/v2\/posts\/9219\/revisions"}],"predecessor-version":[{"id":9222,"href":"http:\/\/paroquiagloria.org\/v2\/index.php?rest_route=\/wp\/v2\/posts\/9219\/revisions\/9222"}],"wp:featuredmedia":[{"embeddable":true,"href":"http:\/\/paroquiagloria.org\/v2\/index.php?rest_route=\/wp\/v2\/media\/9220"}],"wp:attachment":[{"href":"http:\/\/paroquiagloria.org\/v2\/index.php?rest_route=%2Fwp%2Fv2%2Fmedia&parent=9219"}],"wp:term":[{"taxonomy":"category","embeddable":true,"href":"http:\/\/paroquiagloria.org\/v2\/index.php?rest_route=%2Fwp%2Fv2%2Fcategories&post=9219"},{"taxonomy":"post_tag","embeddable":true,"href":"http:\/\/paroquiagloria.org\/v2\/index.php?rest_route=%2Fwp%2Fv2%2Ftags&post=9219"}],"curies":[{"name":"wp","href":"https:\/\/api.w.org\/{rel}","templated":true}]}}