{"id":9216,"date":"2021-03-20T20:19:32","date_gmt":"2021-03-20T20:19:32","guid":{"rendered":"http:\/\/paroquiagloria.org\/v2\/?p=9216"},"modified":"2021-03-20T20:19:33","modified_gmt":"2021-03-20T20:19:33","slug":"celebracao-penitencial-com-absolvicao-geral-2","status":"publish","type":"post","link":"http:\/\/paroquiagloria.org\/v2\/?p=9216","title":{"rendered":"Celebra\u00e7\u00e3o Penitencial com absolvi\u00e7\u00e3o geral"},"content":{"rendered":"\n<div class=\"wp-block-image\"><figure class=\"aligncenter\"><img loading=\"lazy\" width=\"800\" height=\"500\" src=\"http:\/\/paroquiagloria.org\/v2\/wp-content\/uploads\/2013\/02\/celebracaoPenitencial_capelaRato_feature.jpg\" alt=\"\" class=\"wp-image-9068\" srcset=\"http:\/\/paroquiagloria.org\/v2\/wp-content\/uploads\/2013\/02\/celebracaoPenitencial_capelaRato_feature.jpg 800w, http:\/\/paroquiagloria.org\/v2\/wp-content\/uploads\/2013\/02\/celebracaoPenitencial_capelaRato_feature-300x188.jpg 300w\" sizes=\"(max-width: 800px) 100vw, 800px\" \/><\/figure><\/div>\n\n\n\n<p>Na fidelidade \u00e0s orienta\u00e7\u00f5es da Igreja, o nosso Bispo permite este ano, devido aos constrangimentos decorrentes da pandemia, que o Sacramento da Confiss\u00e3o\/Reconcilia\u00e7\u00e3o\/Penit\u00eancia, habitualmente procurado na Quaresma, seja substitu\u00eddo por uma Celebra\u00e7\u00e3o Penitencial com absolvi\u00e7\u00e3o colectiva dos pecados, devendo depois o fiel, assim que possa, confessar-se individualmente. <br>\nDiz-nos a Igreja que para a v\u00e1lida absolvi\u00e7\u00e3o, \u00e9 necess\u00e1rio o prop\u00f3sito de se confessar individualmente, no devido tempo, dos pecados graves que no momento n\u00e3o p\u00f4de confessar (cf. c\u00e2n. 962 CIC).<\/p>\n\n\n\n<p><strong>CELEBRA\u00c7\u00c3O PENITENCIAL COM ABSOLVI\u00c7\u00c3O GERAL<\/strong><br> sexta-feira, 26 de Mar\u00e7o, 21h30<br><em> (Nota: \u00e9 obrigat\u00f3ria a participa\u00e7\u00e3o total na celebra\u00e7\u00e3o)<\/em><\/p>\n\n\n\n<p><strong>Confiss\u00e3o individual:<\/strong> dias 22, 23, 24, 25 e 26 entre as 9h30 e 11h e entre as 17h e 18h30<\/p>\n","protected":false},"excerpt":{"rendered":"<p>Na fidelidade \u00e0s orienta\u00e7\u00f5es da Igreja, o nosso Bispo permite este ano, devido aos constrangimentos decorrentes da pandemia, que o Sacramento da Confiss\u00e3o\/Reconcilia\u00e7\u00e3o\/Penit\u00eancia, habitualmente procurado na Quaresma, seja substitu\u00eddo por uma Celebra\u00e7\u00e3o Penitencial com absolvi\u00e7\u00e3o colectiva dos pecados, devendo depois o fiel, assim que possa, confessar-se individualmente. Diz-nos a Igreja que para a v\u00e1lida absolvi\u00e7\u00e3o, [&hellip;]<\/p>\n","protected":false},"author":1,"featured_media":9217,"comment_status":"open","ping_status":"closed","sticky":false,"template":"","format":"standard","meta":{"ngg_post_thumbnail":0},"categories":[1,4,2,6,23],"tags":[],"_links":{"self":[{"href":"http:\/\/paroquiagloria.org\/v2\/index.php?rest_route=\/wp\/v2\/posts\/9216"}],"collection":[{"href":"http:\/\/paroquiagloria.org\/v2\/index.php?rest_route=\/wp\/v2\/posts"}],"about":[{"href":"http:\/\/paroquiagloria.org\/v2\/index.php?rest_route=\/wp\/v2\/types\/post"}],"author":[{"embeddable":true,"href":"http:\/\/paroquiagloria.org\/v2\/index.php?rest_route=\/wp\/v2\/users\/1"}],"replies":[{"embeddable":true,"href":"http:\/\/paroquiagloria.org\/v2\/index.php?rest_route=%2Fwp%2Fv2%2Fcomments&post=9216"}],"version-history":[{"count":1,"href":"http:\/\/paroquiagloria.org\/v2\/index.php?rest_route=\/wp\/v2\/posts\/9216\/revisions"}],"predecessor-version":[{"id":9218,"href":"http:\/\/paroquiagloria.org\/v2\/index.php?rest_route=\/wp\/v2\/posts\/9216\/revisions\/9218"}],"wp:featuredmedia":[{"embeddable":true,"href":"http:\/\/paroquiagloria.org\/v2\/index.php?rest_route=\/wp\/v2\/media\/9217"}],"wp:attachment":[{"href":"http:\/\/paroquiagloria.org\/v2\/index.php?rest_route=%2Fwp%2Fv2%2Fmedia&parent=9216"}],"wp:term":[{"taxonomy":"category","embeddable":true,"href":"http:\/\/paroquiagloria.org\/v2\/index.php?rest_route=%2Fwp%2Fv2%2Fcategories&post=9216"},{"taxonomy":"post_tag","embeddable":true,"href":"http:\/\/paroquiagloria.org\/v2\/index.php?rest_route=%2Fwp%2Fv2%2Ftags&post=9216"}],"curies":[{"name":"wp","href":"https:\/\/api.w.org\/{rel}","templated":true}]}}